{"id":8669,"date":"2021-12-22T06:00:03","date_gmt":"2021-12-22T11:00:03","guid":{"rendered":"https:\/\/veneportal.com\/noticias\/2021\/12\/22\/mexico-descarta-imponer-restricciones-de-viajes-por-omicron-2\/"},"modified":"2021-12-22T06:00:03","modified_gmt":"2021-12-22T11:00:03","slug":"mexico-descarta-imponer-restricciones-de-viajes-por-omicron-2","status":"publish","type":"post","link":"https:\/\/veneportal.com\/noticias\/2021\/12\/22\/mexico-descarta-imponer-restricciones-de-viajes-por-omicron-2\/","title":{"rendered":"M\u00e9xico descarta imponer restricciones de viajes por \u00f3micron"},"content":{"rendered":"<p>El canciller Marcelo Ebrard dijo que se ha logrado &#8220;una reducci\u00f3n sostenida&#8221; de la pandemia, por lo que el pa\u00eds celebrar\u00e1 la Navidad sin mayores restricciones.El canciller mexicano, Marcelo Ebrard, dijo el martes (21.12.2021) que su pa\u00eds no se plantea aplicar &#8220;restricciones&#8221; de viajes, al intervenir durante una reuni\u00f3n telem\u00e1tica convocada por el secretario de Estado de Estados Unidos, Antony Blinken, sobre la variable \u00f3micron del coronavirus.<\/p>\n<p>La Secretar\u00eda de Relaciones Exteriores inform\u00f3 en un comunicado que Ebrard explic\u00f3 que &#8220;M\u00e9xico est\u00e1 trabajando en un plan de vacunaci\u00f3n de refuerzo para la poblaci\u00f3n elegible y que no se planea imponer, hasta el momento, restricciones a los viajes nacionales&#8221;.<\/p>\n<p>Adem\u00e1s, inst\u00f3 a los representantes de 17 pa\u00edses a &#8220;mantener un mensaje de prevenci\u00f3n y vacunaci\u00f3n&#8221;.<\/p>\n<p>Por su parte, Blinken dio a conocer la intenci\u00f3n del gobierno de Estados Unidos de sostener una nueva reuni\u00f3n ministerial a principios del pr\u00f3ximo a\u00f1o, detall\u00f3 la Canciller\u00eda mexicana.<\/p>\n<p>El secretario de Estado subray\u00f3 la necesidad del &#8220;fortalecimiento de las cadenas de suministro&#8221; de material m\u00e9dico, la &#8220;aceptaci\u00f3n de distintos tipos de vacunas&#8221; contra el COVID-19 y el objetivo de haber vacunado al 70 % de la poblaci\u00f3n mundial a finales de 2022.<\/p>\n<p>El director de la Organizaci\u00f3n Mundial de la Salud (OMS), Tedros Adhanom Ghebreyesus, ha sugerido &#8220;cancelar o retrasar&#8221; fiestas decembrinas ante el avance de \u00f3micron y la prevalencia de delta, por lo que pa\u00edses europeos y regiones de Brasil y Estados Unidos han implementado restricciones.<\/p>\n<p>M\u00e9xico acumula 3,93 millones de casos de COVID-19 y casi 300.000 muertes reconocidas, la cuarta cifra m\u00e1s alta del mundo, desde el inicio de la pandemia.<\/p>\n<p>gs (efe, Sin Embargo, El Sol de Toluca)<\/p>\n<div class=\"venep-after-content venep-entity-placement\" id=\"venep-539969867\"><div id=\"venep-739341860\"><script async src=\"https:\/\/pagead2.googlesyndication.com\/pagead\/js\/adsbygoogle.js?client=ca-pub-5862940809620110\"\r\n     crossorigin=\"anonymous\"><\/script>\r\n<ins class=\"adsbygoogle\"\r\n     style=\"display:block\"\r\n     data-ad-format=\"fluid\"\r\n     data-ad-layout-key=\"-6t+ed+2i-1n-4w\"\r\n     data-ad-client=\"ca-pub-5862940809620110\"\r\n     data-ad-slot=\"7946604715\"><\/ins>\r\n<script>\r\n     (adsbygoogle = window.adsbygoogle || []).push({});\r\n<\/script><\/div><\/div>","protected":false},"excerpt":{"rendered":"<p>El canciller Marcelo Ebrard dijo que se ha logrado &#8220;una reducci\u00f3n sostenida&#8221; de la pandemia, por lo que el pa\u00eds celebrar\u00e1 la Navidad sin mayores restricciones.El canciller mexicano, Marcelo Ebrard,&hellip; <\/p>\n","protected":false},"author":505,"featured_media":8376,"comment_status":"open","ping_status":"open","sticky":false,"template":"","format":"standard","meta":{"footnotes":""},"categories":[81],"tags":[],"class_list":["post-8669","post","type-post","status-publish","format-standard","has-post-thumbnail","hentry","category-actualidad"],"_links":{"self":[{"href":"https:\/\/veneportal.com\/noticias\/wp-json\/wp\/v2\/posts\/8669","targetHints":{"allow":["GET"]}}],"collection":[{"href":"https:\/\/veneportal.com\/noticias\/wp-json\/wp\/v2\/posts"}],"about":[{"href":"https:\/\/veneportal.com\/noticias\/wp-json\/wp\/v2\/types\/post"}],"author":[{"embeddable":true,"href":"https:\/\/veneportal.com\/noticias\/wp-json\/wp\/v2\/users\/505"}],"replies":[{"embeddable":true,"href":"https:\/\/veneportal.com\/noticias\/wp-json\/wp\/v2\/comments?post=8669"}],"version-history":[{"count":0,"href":"https:\/\/veneportal.com\/noticias\/wp-json\/wp\/v2\/posts\/8669\/revisions"}],"wp:featuredmedia":[{"embeddable":true,"href":"https:\/\/veneportal.com\/noticias\/wp-json\/wp\/v2\/media\/8376"}],"wp:attachment":[{"href":"https:\/\/veneportal.com\/noticias\/wp-json\/wp\/v2\/media?parent=8669"}],"wp:term":[{"taxonomy":"category","embeddable":true,"href":"https:\/\/veneportal.com\/noticias\/wp-json\/wp\/v2\/categories?post=8669"},{"taxonomy":"post_tag","embeddable":true,"href":"https:\/\/veneportal.com\/noticias\/wp-json\/wp\/v2\/tags?post=8669"}],"curies":[{"name":"wp","href":"https:\/\/api.w.org\/{rel}","templated":true}]}}