{"id":8501,"date":"2021-12-16T18:00:02","date_gmt":"2021-12-16T23:00:02","guid":{"rendered":"https:\/\/veneportal.com\/noticias\/2021\/12\/16\/fiscalia-de-colombia-acusa-a-presunto-secuestrador-de-la-periodista-jineth-bedoya\/"},"modified":"2021-12-16T18:00:02","modified_gmt":"2021-12-16T23:00:02","slug":"fiscalia-de-colombia-acusa-a-presunto-secuestrador-de-la-periodista-jineth-bedoya","status":"publish","type":"post","link":"https:\/\/veneportal.com\/noticias\/2021\/12\/16\/fiscalia-de-colombia-acusa-a-presunto-secuestrador-de-la-periodista-jineth-bedoya\/","title":{"rendered":"Fiscal\u00eda de Colombia acusa a presunto secuestrador de la periodista Jineth Bedoya"},"content":{"rendered":"<p>Marco Javier Morantes es acusado del secuestro la periodista Jineth Bedoya Lima en la c\u00e1rcel La Modelo de Bogot\u00e1. La Corte Interamericana de Derechos Humanos hab\u00eda condenado al Estado colombiano por falta de garant\u00edas.La Fiscal\u00eda General de Colombia &#8220;acus\u00f3 al dragoneante del Instituto Nacional Penitenciario y Carcelario (Inpec) Marco Javier Morantes Pico como presunto responsable del delito de secuestro simple agravado, con relaci\u00f3n a los hechos violentos contra la periodista&#8221;.<\/p>\n<p>Bedoya, que hoy es editora de temas especiales del diario bogotano &#8220;El Tiempo&#8221;, fue secuestrada y agredida sexualmente el 25 de mayo de 2000 cuando realizaba una investigaci\u00f3n period\u00edstica sobre el tr\u00e1fico de armas en el interior de la C\u00e1rcel La Modelo de Bogot\u00e1, que involucraba a miembros de las ahora desmovilizadas Autodefensas Unidas de Colombia (AUC). <\/p>\n<p>CIDH: &#8220;Colombia viol\u00f3 derechos a la integridad y libertad de expresi\u00f3n\u201d<\/p>\n<p>La periodista fue interceptada por tres hombres que la subieron a un veh\u00edculo en el que la torturaron y violaron durante 16 horas, al cabo de lo cual fue abandonada en Villavicencio, una ciudad cercana a la capital colombiana. <\/p>\n<p>El pasado 18 de octubre, la Corte Interamericana de Derechos Humanos (CorteIDH) conden\u00f3 al Estado colombiano por diversas violaciones de los derechos a la integridad personal, libertad personal, honra, dignidad y libertad de expresi\u00f3n de la periodista. <\/p>\n<p>Los jueces tambi\u00e9n declararon la responsabilidad internacional del Estado por la violaci\u00f3n de los derechos a las garant\u00edas judiciales, protecci\u00f3n judicial e igualdad ante la ley por &#8220;la falta de debida diligencia a la hora de realizar las investigaciones sobre los hechos, el car\u00e1cter discriminatorio en raz\u00f3n de g\u00e9nero de dichas investigaciones y la violaci\u00f3n del plazo razonable&#8221;.<\/p>\n<p>Secuestrada, torturada y violada<\/p>\n<p>En su investigaci\u00f3n, la Fiscal\u00eda constat\u00f3 que Bedoya lleg\u00f3 a la c\u00e1rcel para entrevistar al exintegrante de las AUC Mario Jaimes Mej\u00eda, alias &#8220;Panadero&#8221;.<\/p>\n<p>&#8220;En la puerta del centro penitenciario fue atendida por el hoy procesado, quien estaba encargado del filtro de acceso y, supuestamente, la mantuvo en espera durante casi media hora. El dragoneante (Morantes), al parecer, le asegur\u00f3 a la periodista que su ingreso estaba autorizado y que deb\u00eda esperar la boleta de entrada&#8221;, agreg\u00f3 la informaci\u00f3n. <\/p>\n<p>Seg\u00fan las pruebas, ese aval no exist\u00eda &#8220;y la demora estar\u00eda pensada para que la v\u00edctima quedara sola y fuera abordada por un hombre armado que se la llev\u00f3 en un carro a una bodega&#8221;. All\u00ed la periodista fue &#8220;retenida, torturada y abusada sexualmente&#8221; y luego llevada a Villavicencio, capital del departamento del Meta (centro), donde &#8220;fue abandonada en v\u00eda p\u00fablica&#8221;.<\/p>\n<p>La Fiscal\u00eda precis\u00f3 que esta acci\u00f3n fue planeada por exmiembros de las AUC y narcotraficantes con apoyo de algunos funcionarios de la fuerza p\u00fablica y del INPEC. Ellos &#8220;actuaron en retaliaci\u00f3n por las publicaciones que hac\u00eda la periodista sobre varios acontecimientos criminales que ocurr\u00edan en el establecimiento carcelario&#8221;, precis\u00f3 la Fiscal\u00eda.<\/p>\n<p>jov (efe, elespectador)<\/p>\n<div class=\"venep-after-content venep-entity-placement\" id=\"venep-3207506173\"><div id=\"venep-305418114\"><a href=\"https:\/\/veneportal.com\/clasificados\/listing\/warriorolls-handrolleria\/\" aria-label=\"warriorolls\"><img src=\"https:\/\/veneportal.com\/noticias\/wp-content\/uploads\/sites\/2\/2021\/07\/6.png\" alt=\"warriorolls\"  width=\"300\" height=\"250\"   \/><\/a><\/div><\/div>","protected":false},"excerpt":{"rendered":"<p>Marco Javier Morantes es acusado del secuestro la periodista Jineth Bedoya Lima en la c\u00e1rcel La Modelo de Bogot\u00e1. La Corte Interamericana de Derechos Humanos hab\u00eda condenado al Estado colombiano&hellip; <\/p>\n","protected":false},"author":505,"featured_media":8502,"comment_status":"open","ping_status":"open","sticky":false,"template":"","format":"standard","meta":{"footnotes":""},"categories":[81],"tags":[],"class_list":["post-8501","post","type-post","status-publish","format-standard","has-post-thumbnail","hentry","category-actualidad"],"_links":{"self":[{"href":"https:\/\/veneportal.com\/noticias\/wp-json\/wp\/v2\/posts\/8501","targetHints":{"allow":["GET"]}}],"collection":[{"href":"https:\/\/veneportal.com\/noticias\/wp-json\/wp\/v2\/posts"}],"about":[{"href":"https:\/\/veneportal.com\/noticias\/wp-json\/wp\/v2\/types\/post"}],"author":[{"embeddable":true,"href":"https:\/\/veneportal.com\/noticias\/wp-json\/wp\/v2\/users\/505"}],"replies":[{"embeddable":true,"href":"https:\/\/veneportal.com\/noticias\/wp-json\/wp\/v2\/comments?post=8501"}],"version-history":[{"count":0,"href":"https:\/\/veneportal.com\/noticias\/wp-json\/wp\/v2\/posts\/8501\/revisions"}],"wp:featuredmedia":[{"embeddable":true,"href":"https:\/\/veneportal.com\/noticias\/wp-json\/wp\/v2\/media\/8502"}],"wp:attachment":[{"href":"https:\/\/veneportal.com\/noticias\/wp-json\/wp\/v2\/media?parent=8501"}],"wp:term":[{"taxonomy":"category","embeddable":true,"href":"https:\/\/veneportal.com\/noticias\/wp-json\/wp\/v2\/categories?post=8501"},{"taxonomy":"post_tag","embeddable":true,"href":"https:\/\/veneportal.com\/noticias\/wp-json\/wp\/v2\/tags?post=8501"}],"curies":[{"name":"wp","href":"https:\/\/api.w.org\/{rel}","templated":true}]}}