{"id":83229,"date":"2026-04-30T12:02:07","date_gmt":"2026-04-30T16:02:07","guid":{"rendered":"https:\/\/veneportal.com\/noticias\/2026\/04\/30\/rsf-libertad-de-prensa-en-el-mundo-cae-a-su-nivel-mas-bajo\/"},"modified":"2026-04-30T12:02:07","modified_gmt":"2026-04-30T16:02:07","slug":"rsf-libertad-de-prensa-en-el-mundo-cae-a-su-nivel-mas-bajo","status":"publish","type":"post","link":"https:\/\/veneportal.com\/noticias\/2026\/04\/30\/rsf-libertad-de-prensa-en-el-mundo-cae-a-su-nivel-mas-bajo\/","title":{"rendered":"RSF: libertad de prensa en el mundo cae a su nivel m\u00e1s bajo"},"content":{"rendered":"<p>Seg\u00fan la organizaci\u00f3n, el 52,2% de los pa\u00edses del mundo est\u00e1 en situaci\u00f3n &#8220;dif\u00edcil&#8221; o &#8220;muy grave&#8221;, una cifra que poco tiene que ver con el 13,7% en 2002.La libertad de prensa en el mundo cay\u00f3 a su nivel m\u00e1s bajo desde un cuarto de siglo, advirti\u00f3 este jueves (30.04.2026) Reporteros Sin Fronteras (RSF) en su clasificaci\u00f3n anual, donde varios pa\u00edses de Am\u00e9rica Latina se ven impactados por una &#8220;espiral de violencia y represi\u00f3n&#8221;. &#8220;En 25 a\u00f1os, el promedio de puntuaci\u00f3n del conjunto de pa\u00edses estudiados nunca hab\u00eda sido tan bajo&#8221;, explic\u00f3 la oeneg\u00e9 en la nota que acompa\u00f1a la lista, que cuenta con cinco niveles (de &#8220;muy grave&#8221; a &#8220;bueno&#8221;). RSF atribuye en parte este deterioro al &#8220;desarrollo de un arsenal legislativo cada vez m\u00e1s restrictivo, especialmente vinculado a las pol\u00edticas de seguridad nacional&#8221; desde 2001, el a\u00f1o de los atentados del 11 de septiembre en Estados Unidos. La oeneg\u00e9 tambi\u00e9n alerta sobre el desplome del porcentaje de poblaci\u00f3n que vive en un pa\u00eds donde la situaci\u00f3n de la libertad de prensa es &#8220;buena&#8221;, que pasa del 20% a &#8220;menos del 1%&#8221; en un cuarto de siglo. S\u00f3lo siete pa\u00edses del norte de Europa, con Noruega a la cabeza, forman parte de esta categor\u00eda. Ataques de Trump &#8220;Los ataques contra los periodistas est\u00e1n cambiando. Siguen asesinando a periodistas, sigue habiendo periodistas en prisi\u00f3n, pero las presiones tambi\u00e9n son econ\u00f3micas, pol\u00edticas y legales&#8221;, dice a AFP Anne Bocand\u00e9, directora editorial de RSF. Estados Unidos, que ya hab\u00eda pasado de una situaci\u00f3n &#8220;bastante buena&#8221; a &#8220;problem\u00e1tica&#8221; en 2024, a\u00f1o de la reelecci\u00f3n de Donald Trump, pierde siete puestos y se sit\u00faa en el lugar 64. Adem\u00e1s de los ataques del presidente estadounidense contra la prensa, &#8220;una pr\u00e1ctica sistem\u00e1tica&#8221;, la situaci\u00f3n en Estados Unidos se vio marcada por la detenci\u00f3n y posterior expulsi\u00f3n del periodista salvadore\u00f1o Mario Guevara, que informaba sobre los arrestos de migrantes, seg\u00fan el reporte. Tambi\u00e9n por la dr\u00e1stica reducci\u00f3n de la financiaci\u00f3n de los servicios audiovisuales exteriores, como Voice of America (VOA) o Radio Free Europe\/Radio Liberty (RFE\/RL). La organizaci\u00f3n tambi\u00e9n hace hincapi\u00e9 en los &#8220;fervientes defensores&#8221; de Trump en Am\u00e9rica Latina, el presidente argentino Javier Milei y su par salvadore\u00f1o Nayib Bukele, cuyos pa\u00edses retroceden igualmente en la lista. Argentina cae 11 puestos y se sit\u00faa en el puesto 98, mientras El Salvador cede ocho lugares y qued\u00f3 en el 143. Esta ca\u00edda se debe, en parte, al deterioro &#8220;de los indicadores pol\u00edticos y sociales, que marca un aumento de la hostilidad y de las presiones gubernamentales hacia la prensa&#8221;. En la regi\u00f3n latinoamericana, varios pa\u00edses &#8220;caen en la espiral de violencia y represi\u00f3n&#8221;, alert\u00f3 RSF. Ecuador y Per\u00fa Ecuador registr\u00f3 la mayor ca\u00edda regional en la clasificaci\u00f3n, perdiendo 31 posiciones hasta llegar al puesto 125. Seg\u00fan RSF, la naci\u00f3n suramericana &#8220;se enfrenta a una erosi\u00f3n sin precedentes de la seguridad de los periodistas, mientras la violencia vinculada al crimen organizado se expande y unos responsables p\u00fablicos cada vez m\u00e1s hostiles intensifican la presi\u00f3n sobre la prensa&#8221;. Tambi\u00e9n es el caso de Per\u00fa (144\u00ba, -14), donde cuatro reporteros fueron asesinados en 2025, a\u00f1adi\u00f3 la oeneg\u00e9. Ese pa\u00eds retrocedi\u00f3 67 puestos en la clasificaci\u00f3n desde 2022, &#8220;en gran medida debido a una serie de alarmantes iniciativas legislativas, acoso judicial y campa\u00f1as de difamaci\u00f3n dirigidas contra los medios de comunicaci\u00f3n independientes&#8221;. Para la organizaci\u00f3n, es &#8220;preocupante&#8221; observar que algunas de estas tendencias se asemejan a formas m\u00e1s tradicionales de censura, como la represi\u00f3n estatal y los ataques directos, que prevalecen en pa\u00edses como Nicaragua, Cuba y Venezuela, donde la libertad de prensa copa los niveles m\u00e1s bajos de la regi\u00f3n. Otros pa\u00edses latinoamericanos, en cambio, progresaron, como Brasil (52\u00ba), que gan\u00f3 58 puestos desde 2022, as\u00ed como Colombia (102\u00ba) y Uruguay (48\u00ba). &#8220;Las leyes de seguridad nacional, contra el terrorismo por ejemplo, o para proteger el secreto de defensa, restringen cada vez m\u00e1s el campo del periodismo. Rusia es campeona en la materia, pero el impacto se siente tambi\u00e9n incluso en democracias&#8221;, subray\u00f3 Bocand\u00e9. En el plano mundial, Arabia Saudita (176\u00ba, -14), donde el reconocido columnista Turki al Jaser fue ejecutado en junio por el Estado, rivaliza con Rusia, Ir\u00e1n y China por las \u00faltimas posiciones del \u00edndice, que cierra Eritrea (180\u00ba). mg (afp, efe)<\/p>\n<div class=\"venep-after-content venep-entity-placement\" id=\"venep-2473096671\"><div id=\"venep-2590801760\"><script async src=\"https:\/\/pagead2.googlesyndication.com\/pagead\/js\/adsbygoogle.js?client=ca-pub-5862940809620110\"\r\n     crossorigin=\"anonymous\"><\/script>\r\n<ins class=\"adsbygoogle\"\r\n     style=\"display:block\"\r\n     data-ad-format=\"fluid\"\r\n     data-ad-layout-key=\"-6t+ed+2i-1n-4w\"\r\n     data-ad-client=\"ca-pub-5862940809620110\"\r\n     data-ad-slot=\"7946604715\"><\/ins>\r\n<script>\r\n     (adsbygoogle = window.adsbygoogle || []).push({});\r\n<\/script><\/div><\/div>","protected":false},"excerpt":{"rendered":"<p>Seg\u00fan la organizaci\u00f3n, el 52,2% de los pa\u00edses del mundo est\u00e1 en situaci\u00f3n &#8220;dif\u00edcil&#8221; o &#8220;muy grave&#8221;, una cifra que poco tiene que ver con el 13,7% en 2002.La libertad&hellip; <\/p>\n","protected":false},"author":505,"featured_media":83230,"comment_status":"open","ping_status":"open","sticky":false,"template":"","format":"standard","meta":{"footnotes":""},"categories":[85],"tags":[],"class_list":["post-83229","post","type-post","status-publish","format-standard","has-post-thumbnail","hentry","category-politica"],"_links":{"self":[{"href":"https:\/\/veneportal.com\/noticias\/wp-json\/wp\/v2\/posts\/83229","targetHints":{"allow":["GET"]}}],"collection":[{"href":"https:\/\/veneportal.com\/noticias\/wp-json\/wp\/v2\/posts"}],"about":[{"href":"https:\/\/veneportal.com\/noticias\/wp-json\/wp\/v2\/types\/post"}],"author":[{"embeddable":true,"href":"https:\/\/veneportal.com\/noticias\/wp-json\/wp\/v2\/users\/505"}],"replies":[{"embeddable":true,"href":"https:\/\/veneportal.com\/noticias\/wp-json\/wp\/v2\/comments?post=83229"}],"version-history":[{"count":0,"href":"https:\/\/veneportal.com\/noticias\/wp-json\/wp\/v2\/posts\/83229\/revisions"}],"wp:featuredmedia":[{"embeddable":true,"href":"https:\/\/veneportal.com\/noticias\/wp-json\/wp\/v2\/media\/83230"}],"wp:attachment":[{"href":"https:\/\/veneportal.com\/noticias\/wp-json\/wp\/v2\/media?parent=83229"}],"wp:term":[{"taxonomy":"category","embeddable":true,"href":"https:\/\/veneportal.com\/noticias\/wp-json\/wp\/v2\/categories?post=83229"},{"taxonomy":"post_tag","embeddable":true,"href":"https:\/\/veneportal.com\/noticias\/wp-json\/wp\/v2\/tags?post=83229"}],"curies":[{"name":"wp","href":"https:\/\/api.w.org\/{rel}","templated":true}]}}