{"id":83216,"date":"2026-04-30T02:00:08","date_gmt":"2026-04-30T06:00:08","guid":{"rendered":"https:\/\/veneportal.com\/noticias\/2026\/04\/30\/lazos-culturales-estos-son-los-ganadores-de-la-medalla-goethe-2026\/"},"modified":"2026-04-30T02:00:08","modified_gmt":"2026-04-30T06:00:08","slug":"lazos-culturales-estos-son-los-ganadores-de-la-medalla-goethe-2026","status":"publish","type":"post","link":"https:\/\/veneportal.com\/noticias\/2026\/04\/30\/lazos-culturales-estos-son-los-ganadores-de-la-medalla-goethe-2026\/","title":{"rendered":"Lazos culturales: estos son los ganadores de la medalla Goethe 2026"},"content":{"rendered":"<p>Se mueven en diferentes \u00e1mbitos culturales y pa\u00edses, pero los une su visi\u00f3n de una Europa en transici\u00f3n: Arvo P\u00e4rt, Anita Raja y Prodromos Tsinikoris recibir\u00e1n la Medalla Goethe 2026.M\u00fasica, literatura y teatro: estos son los tres campos culturales en los que se desempe\u00f1an los galardonados con la Medalla Goethe. Sus disciplinas y trayectorias vitales son diversas, pero lo que los une es la convicci\u00f3n de que su tarea pueden contribuir a la comprensi\u00f3n cultural y de que la cultura crea lazos. &#8220;Sus vidas y obras son respuestas a la migraci\u00f3n, la huida y las transformaciones sociales que han dado forma a Europa en los siglos XX y XXI; le dan a nuestro presente un nuevo lenguaje y una comprensi\u00f3n m\u00e1s profunda de estos fen\u00f3menos&#8221;, dijo el presidente del jurado, Thomas Oberender. Arvo P\u00e4rt: la b\u00fasqueda de un lenguaje musical propio Este m\u00fasico estonio, nacido en 1935, es uno de los compositores de m\u00fasica contempor\u00e1nea vivos m\u00e1s interpretados a nivel mundial. Con el llamado m\u00e9todo tintinnabuli, una t\u00e9cnica compositiva que desarroll\u00f3 a mediados de los a\u00f1os 70, Arvo P\u00e4rt cre\u00f3 un lenguaje sonoro inconfundible, minimalista y de gran espiritualidad. Las obras de P\u00e4rt llegan a un p\u00fablico extraordinariamente amplio y se interpretan no solo en salas de concierto, sino tambi\u00e9n en producciones cinematogr\u00e1ficas y teatrales. Su trayectoria no fue f\u00e1cil. El car\u00e1cter religioso de su m\u00fasica le acarre\u00f3 censura y la prohibici\u00f3n de ejercer su profesi\u00f3n en la Uni\u00f3n Sovi\u00e9tica. En 1980, \u00e9l y su familia abandonaron su pa\u00eds, yendo primero a Viena y luego a Berl\u00edn, donde vivi\u00f3 casi 30 a\u00f1os. Tras la independencia de Estonia, en 1991, P\u00e4rt retom\u00f3 el contacto con su tierra natal y regres\u00f3 definitivamente en 2010. Su m\u00fasica conmueve a personas de todo el mundo. Anita Raja: la mediaci\u00f3n cultural como lema de vida Nacida en N\u00e1poles en 1953, esta erudita literaria ha desempe\u00f1ado un papel fundamental en la divulgaci\u00f3n de la literatura en lengua alemana en el mundo italoparlante desde principios de la d\u00e9cada de 1980. Entre otros, tradujo obras de Christa Wolf, Franz Kafka, Ingeborg Bachmann y Georg B\u00fcchner. Adem\u00e1s de su labor como traductora, impuls\u00f3 paralelamente el intercambio cultural germano-italiano como bibliotecaria y escritora. Desde 2005, fue directora fundadora de la Biblioteca Europea de Roma, considerada un modelo de intercambio cultural con orientaci\u00f3n europea, durante aproximadamente una d\u00e9cada. El jurado afirma que Raja &#8220;siempre defendi\u00f3 la idea de convertir las bibliotecas en espacios de encuentro que trasciendan las barreras de clase, edad y nivel educativo&#8221;. Prodromos Tsinikoris: teatro documental Sus padres llegaron desde Grecia a Alemania como trabajadores migrantes, y \u00e9l naci\u00f3 en Wuppertal en 1981. Prodromos Tsinikoris trabaja como director teatral, dramaturgo y actor, y es una de las voces m\u00e1s importantes del teatro contempor\u00e1neo griego y alem\u00e1n. En sus producciones documentales explora temas como la migraci\u00f3n, la desigualdad social y las perspectivas hist\u00f3ricas. Desde 2015 hasta 2020, Tsinikoris dirigi\u00f3 la Sala Experimental del Teatro Nacional de Atenas. Actualmente es cocurador del Festival Internacional Forestal de Tesal\u00f3nica e imparte clases en la escuela de direcci\u00f3n del Teatro Nacional de Atenas. &#8220;Tsinikoris es un talento excepcional que entiende el g\u00e9nero documental no como un mero reflejo de la realidad, sino como un espacio art\u00edstico de resonancia para reflexionar sobre las fisuras sociales&#8221;, declar\u00f3 el jurado. La Medalla Goethe es uno de los galardones alemanes m\u00e1s prestigiosos en el \u00e1mbito de la cultura internacional. Se entregar\u00e1 oficialmente el 28 de agosto de 2026, fecha del cumplea\u00f1os de Johann Wolfgang von Goethe, en Weimar. (cp\/ms)<\/p>\n<div class=\"venep-after-content venep-entity-placement\" id=\"venep-324557902\"><div id=\"venep-1315203260\"><script async src=\"https:\/\/pagead2.googlesyndication.com\/pagead\/js\/adsbygoogle.js?client=ca-pub-5862940809620110\"\r\n     crossorigin=\"anonymous\"><\/script>\r\n<ins class=\"adsbygoogle\"\r\n     style=\"display:block\"\r\n     data-ad-format=\"fluid\"\r\n     data-ad-layout-key=\"-6t+ed+2i-1n-4w\"\r\n     data-ad-client=\"ca-pub-5862940809620110\"\r\n     data-ad-slot=\"7946604715\"><\/ins>\r\n<script>\r\n     (adsbygoogle = window.adsbygoogle || []).push({});\r\n<\/script><\/div><\/div>","protected":false},"excerpt":{"rendered":"<p>Se mueven en diferentes \u00e1mbitos culturales y pa\u00edses, pero los une su visi\u00f3n de una Europa en transici\u00f3n: Arvo P\u00e4rt, Anita Raja y Prodromos Tsinikoris recibir\u00e1n la Medalla Goethe 2026.M\u00fasica,&hellip; <\/p>\n","protected":false},"author":505,"featured_media":83217,"comment_status":"open","ping_status":"open","sticky":false,"template":"","format":"standard","meta":{"footnotes":""},"categories":[83],"tags":[],"class_list":["post-83216","post","type-post","status-publish","format-standard","has-post-thumbnail","hentry","category-cultura"],"_links":{"self":[{"href":"https:\/\/veneportal.com\/noticias\/wp-json\/wp\/v2\/posts\/83216","targetHints":{"allow":["GET"]}}],"collection":[{"href":"https:\/\/veneportal.com\/noticias\/wp-json\/wp\/v2\/posts"}],"about":[{"href":"https:\/\/veneportal.com\/noticias\/wp-json\/wp\/v2\/types\/post"}],"author":[{"embeddable":true,"href":"https:\/\/veneportal.com\/noticias\/wp-json\/wp\/v2\/users\/505"}],"replies":[{"embeddable":true,"href":"https:\/\/veneportal.com\/noticias\/wp-json\/wp\/v2\/comments?post=83216"}],"version-history":[{"count":0,"href":"https:\/\/veneportal.com\/noticias\/wp-json\/wp\/v2\/posts\/83216\/revisions"}],"wp:featuredmedia":[{"embeddable":true,"href":"https:\/\/veneportal.com\/noticias\/wp-json\/wp\/v2\/media\/83217"}],"wp:attachment":[{"href":"https:\/\/veneportal.com\/noticias\/wp-json\/wp\/v2\/media?parent=83216"}],"wp:term":[{"taxonomy":"category","embeddable":true,"href":"https:\/\/veneportal.com\/noticias\/wp-json\/wp\/v2\/categories?post=83216"},{"taxonomy":"post_tag","embeddable":true,"href":"https:\/\/veneportal.com\/noticias\/wp-json\/wp\/v2\/tags?post=83216"}],"curies":[{"name":"wp","href":"https:\/\/api.w.org\/{rel}","templated":true}]}}