{"id":83144,"date":"2026-04-27T00:00:10","date_gmt":"2026-04-27T04:00:10","guid":{"rendered":"https:\/\/veneportal.com\/noticias\/2026\/04\/27\/inician-juicios-contra-altos-cargos-del-gobierno-de-asad-en-siria\/"},"modified":"2026-04-27T00:00:10","modified_gmt":"2026-04-27T04:00:10","slug":"inician-juicios-contra-altos-cargos-del-gobierno-de-asad-en-siria","status":"publish","type":"post","link":"https:\/\/veneportal.com\/noticias\/2026\/04\/27\/inician-juicios-contra-altos-cargos-del-gobierno-de-asad-en-siria\/","title":{"rendered":"Inician juicios contra altos cargos del gobierno de Asad en Siria"},"content":{"rendered":"<p>Se les acusa por cr\u00edmenes contra el pueblo sirio, incluyendo la represi\u00f3n violenta de las revueltas populares de 2011.Un tribunal de Siria llev\u00f3 a cabo este domingo (26.04.2026 la primera audiencia del juicio del derrocado gobernante Bashar al Asad y de altos cargos de su gobierno, uno de los cuales compareci\u00f3 en persona. Asad y su hermano Maher huyeron de Siria y ser\u00e1n juzgados en ausencia, pero Atif Najib, uno de sus familiares, se sent\u00f3 en el banquillo con las manos esposadas. Najib fue jefe de seguridad pol\u00edtica en la provincia sure\u00f1a de Daraa, cuna del levantamiento de 2011 en el pa\u00eds, y est\u00e1 acusado de orquestar una represi\u00f3n all\u00ed. Es primo del Bashar al Asad. &#8220;Hoy iniciamos los primeros juicios de justicia transicional en Siria&#8221;, declar\u00f3 el juez Fakhr al-Din al Aryan al abrir la sesi\u00f3n. &#8220;Esto incluye a un acusado bajo custodia, presente en el banquillo, as\u00ed como a acusados que han huido de la justicia&#8221;, a\u00f1adi\u00f3. Represi\u00f3n de las protestas Se les acusa por cr\u00edmenes contra el pueblo sirio, incluyendo la represi\u00f3n violenta de las revueltas populares de 2011. La guerra civil siria comenz\u00f3 con una brutal represi\u00f3n de las protestas y se transform\u00f3 en un conflicto de 13 a\u00f1os que dej\u00f3 m\u00e1s de medio mill\u00f3n de muertos. Las nuevas autoridades sirias han prometido reiteradamente justicia y rendici\u00f3n de cuentas por las atrocidades cometidas durante la era Asad. Asad huy\u00f3 a Mosc\u00fa junto a un pu\u00f1ado de personas de confianza cuando fuerzas lideradas por islamistas se acercaban a Damasco en diciembre de 2024. El movimiento de protesta contra Asad comenz\u00f3 en Daraa el 15 de marzo de 2011, despu\u00e9s de que 15 estudiantes fueron detenidos por, supuestamente, haber hecho pintadas antigubernamentales en las paredes de la ciudad. mg (afp, ap)<\/p>\n<div class=\"venep-after-content venep-entity-placement\" id=\"venep-174944124\"><div id=\"venep-260519013\"><a href=\"https:\/\/veneportal.com\/como-aparecer-en-google\/\" aria-label=\"como-se-beneficia-directorio-espana-flag\"><img src=\"https:\/\/veneportal.com\/noticias\/wp-content\/uploads\/sites\/2\/2021\/03\/como-se-beneficia-directorio-espana-flag.jpg\" alt=\"\"  srcset=\"https:\/\/veneportal.com\/noticias\/wp-content\/uploads\/sites\/2\/2021\/03\/como-se-beneficia-directorio-espana-flag.jpg 1747w, https:\/\/veneportal.com\/noticias\/wp-content\/uploads\/sites\/2\/2021\/03\/como-se-beneficia-directorio-espana-flag-300x213.jpg 300w, https:\/\/veneportal.com\/noticias\/wp-content\/uploads\/sites\/2\/2021\/03\/como-se-beneficia-directorio-espana-flag-1024x727.jpg 1024w, https:\/\/veneportal.com\/noticias\/wp-content\/uploads\/sites\/2\/2021\/03\/como-se-beneficia-directorio-espana-flag-768x545.jpg 768w, https:\/\/veneportal.com\/noticias\/wp-content\/uploads\/sites\/2\/2021\/03\/como-se-beneficia-directorio-espana-flag-1536x1090.jpg 1536w, https:\/\/veneportal.com\/noticias\/wp-content\/uploads\/sites\/2\/2021\/03\/como-se-beneficia-directorio-espana-flag-600x426.jpg 600w\" sizes=\"(max-width: 1747px) 100vw, 1747px\" width=\"1747\" height=\"1240\"   \/><\/a><\/div><\/div>","protected":false},"excerpt":{"rendered":"<p>Se les acusa por cr\u00edmenes contra el pueblo sirio, incluyendo la represi\u00f3n violenta de las revueltas populares de 2011.Un tribunal de Siria llev\u00f3 a cabo este domingo (26.04.2026 la primera&hellip; <\/p>\n","protected":false},"author":505,"featured_media":83145,"comment_status":"open","ping_status":"open","sticky":false,"template":"","format":"standard","meta":{"footnotes":""},"categories":[85],"tags":[],"class_list":["post-83144","post","type-post","status-publish","format-standard","has-post-thumbnail","hentry","category-politica"],"_links":{"self":[{"href":"https:\/\/veneportal.com\/noticias\/wp-json\/wp\/v2\/posts\/83144","targetHints":{"allow":["GET"]}}],"collection":[{"href":"https:\/\/veneportal.com\/noticias\/wp-json\/wp\/v2\/posts"}],"about":[{"href":"https:\/\/veneportal.com\/noticias\/wp-json\/wp\/v2\/types\/post"}],"author":[{"embeddable":true,"href":"https:\/\/veneportal.com\/noticias\/wp-json\/wp\/v2\/users\/505"}],"replies":[{"embeddable":true,"href":"https:\/\/veneportal.com\/noticias\/wp-json\/wp\/v2\/comments?post=83144"}],"version-history":[{"count":0,"href":"https:\/\/veneportal.com\/noticias\/wp-json\/wp\/v2\/posts\/83144\/revisions"}],"wp:featuredmedia":[{"embeddable":true,"href":"https:\/\/veneportal.com\/noticias\/wp-json\/wp\/v2\/media\/83145"}],"wp:attachment":[{"href":"https:\/\/veneportal.com\/noticias\/wp-json\/wp\/v2\/media?parent=83144"}],"wp:term":[{"taxonomy":"category","embeddable":true,"href":"https:\/\/veneportal.com\/noticias\/wp-json\/wp\/v2\/categories?post=83144"},{"taxonomy":"post_tag","embeddable":true,"href":"https:\/\/veneportal.com\/noticias\/wp-json\/wp\/v2\/tags?post=83144"}],"curies":[{"name":"wp","href":"https:\/\/api.w.org\/{rel}","templated":true}]}}