{"id":83120,"date":"2026-04-26T00:00:19","date_gmt":"2026-04-26T04:00:19","guid":{"rendered":"https:\/\/veneportal.com\/noticias\/2026\/04\/26\/mali-decreta-toque-de-queda-en-bamako-tras-ataques\/"},"modified":"2026-04-26T00:00:19","modified_gmt":"2026-04-26T04:00:19","slug":"mali-decreta-toque-de-queda-en-bamako-tras-ataques","status":"publish","type":"post","link":"https:\/\/veneportal.com\/noticias\/2026\/04\/26\/mali-decreta-toque-de-queda-en-bamako-tras-ataques\/","title":{"rendered":"Mali decreta toque de queda en Bamako tras ataques"},"content":{"rendered":"<p>El pa\u00eds enfrent\u00f3, en la capital y otras ciudades, una serie de ataques yihadista y secesionista, pero la autoridad confirm\u00f3 que est\u00e1n controlados.El Gobierno de Mali decret\u00f3 un toque de queda nocturno de tres d\u00edas en todo el distrito de Bamako, de las 21:00 a 06:00 horas, en respuesta a los ataques de Al Qaeda y de los independentistas del norte que han sacudido este s\u00e1bado (25.04.2026) la capital y otras ciudades del pa\u00eds. La decisi\u00f3n, firmada por el Ministerio de Administraci\u00f3n Local y a la que EFE tuvo acceso, obliga a los subprefectos del distrito, a los alcaldes y a los jefes de seguridad en la capital maliense y su periferia a velar por su cumplimiento inmediato. El texto precisa que el toque de queda es &#8220;prorrogable si fuera necesario&#8221;. Fuentes locales informaron a EFE que el anuncio del toque de queda fue acompa\u00f1ado de un gran despliegue de puestos de control de las fuerzas de seguridad en la capital maliense. El secesionista Frente de Liberaci\u00f3n del Azawad (FLA), que reclama esa vasta regi\u00f3n del norte, y el Grupo de Apoyo al Islam y a los Musulmanes (JNIM, filial de Al Qaeda en el Sahel) anunciaron haber lanzado una ofensiva coordinada en el norte del pa\u00eds, lo que llev\u00f3 a la toma de la ciudad estrat\u00e9gica de Kidal. Un grupo yihadista vinculado a Al Qaeda afirm\u00f3 el s\u00e1bado que sus combatientes hab\u00edan lanzado ataques en todo Mali contra el ej\u00e9rcito del pa\u00eds, gobernado por una junta militar, en una operaci\u00f3n conjunta con los rebeldes tuaregs. Asalto al aeropuerto Sin embargo, JNIM lanz\u00f3 ataques unilaterales contra sedes civiles y cuarteles militares en Bamako y otras ciudades del centro del pa\u00eds, y asalt\u00f3 el aeropuerto internacional de la capital maliense, donde se suspendieron los vuelos debido a los hechos. El Estado Mayor General de las Fuerzas Armadas de Mali inform\u00f3 que &#8220;grupos armados terroristas&#8221; intentaron atacar varias ciudades del pa\u00eds, pero sufrieron &#8220;reveses inmediatos&#8221; a manos del Ej\u00e9rcito, y que la operaci\u00f3n se sald\u00f3 con la &#8220;neutralizaci\u00f3n&#8221; de cientos de atacantes. Asimismo, asegur\u00f3 que la situaci\u00f3n &#8220;est\u00e1 totalmente bajo control&#8221; y llam\u00f3 a la poblaci\u00f3n a mantener la calma. Desde 2020 Mali est\u00e1 gobernado por una junta militar en un contexto marcado por la inestabilidad y la grave violencia que sufre el pa\u00eds desde hace m\u00e1s de una d\u00e9cada a causa de los secesionistas norte\u00f1os, que reclaman la regi\u00f3n del Azawad, y de grupos yihadistas afiliados al Estado Isl\u00e1mico y a Al Qaeda. mg (efe, dpa)<\/p>\n<div class=\"venep-after-content venep-entity-placement\" id=\"venep-744806837\"><div id=\"venep-579849407\"><a href=\"https:\/\/veneportal.com\/clasificados\/listing\/ary-b-ilustraciones\/\" aria-label=\"ari b ilustraciones\"><img src=\"https:\/\/veneportal.com\/noticias\/wp-content\/uploads\/sites\/2\/2021\/07\/4.png\" alt=\"ari b ilustraciones\"  width=\"300\" height=\"250\"   \/><\/a><\/div><\/div>","protected":false},"excerpt":{"rendered":"<p>El pa\u00eds enfrent\u00f3, en la capital y otras ciudades, una serie de ataques yihadista y secesionista, pero la autoridad confirm\u00f3 que est\u00e1n controlados.El Gobierno de Mali decret\u00f3 un toque de&hellip; <\/p>\n","protected":false},"author":505,"featured_media":69514,"comment_status":"open","ping_status":"open","sticky":false,"template":"","format":"standard","meta":{"footnotes":""},"categories":[85],"tags":[],"class_list":["post-83120","post","type-post","status-publish","format-standard","has-post-thumbnail","hentry","category-politica"],"_links":{"self":[{"href":"https:\/\/veneportal.com\/noticias\/wp-json\/wp\/v2\/posts\/83120","targetHints":{"allow":["GET"]}}],"collection":[{"href":"https:\/\/veneportal.com\/noticias\/wp-json\/wp\/v2\/posts"}],"about":[{"href":"https:\/\/veneportal.com\/noticias\/wp-json\/wp\/v2\/types\/post"}],"author":[{"embeddable":true,"href":"https:\/\/veneportal.com\/noticias\/wp-json\/wp\/v2\/users\/505"}],"replies":[{"embeddable":true,"href":"https:\/\/veneportal.com\/noticias\/wp-json\/wp\/v2\/comments?post=83120"}],"version-history":[{"count":0,"href":"https:\/\/veneportal.com\/noticias\/wp-json\/wp\/v2\/posts\/83120\/revisions"}],"wp:featuredmedia":[{"embeddable":true,"href":"https:\/\/veneportal.com\/noticias\/wp-json\/wp\/v2\/media\/69514"}],"wp:attachment":[{"href":"https:\/\/veneportal.com\/noticias\/wp-json\/wp\/v2\/media?parent=83120"}],"wp:term":[{"taxonomy":"category","embeddable":true,"href":"https:\/\/veneportal.com\/noticias\/wp-json\/wp\/v2\/categories?post=83120"},{"taxonomy":"post_tag","embeddable":true,"href":"https:\/\/veneportal.com\/noticias\/wp-json\/wp\/v2\/tags?post=83120"}],"curies":[{"name":"wp","href":"https:\/\/api.w.org\/{rel}","templated":true}]}}