{"id":83113,"date":"2026-04-25T12:00:10","date_gmt":"2026-04-25T16:00:10","guid":{"rendered":"https:\/\/veneportal.com\/noticias\/2026\/04\/25\/iran-reanuda-los-vuelos-internacionales-desde-teheran\/"},"modified":"2026-04-25T12:00:10","modified_gmt":"2026-04-25T16:00:10","slug":"iran-reanuda-los-vuelos-internacionales-desde-teheran","status":"publish","type":"post","link":"https:\/\/veneportal.com\/noticias\/2026\/04\/25\/iran-reanuda-los-vuelos-internacionales-desde-teheran\/","title":{"rendered":"Ir\u00e1n reanuda los vuelos internacionales desde Teher\u00e1n"},"content":{"rendered":"<p>Minuto a minuto, los detalles sobre la guerra en Medio Oriente tras los ataques de Israel y Estados Unidos contra el r\u00e9gimen isl\u00e1mico de Ir\u00e1n el s\u00e1bado 25 de abril. Alemania desplegar\u00e1 cazaminas ante posible env\u00edo al estrecho de Ormuz Cuatro muertos en ataques israel\u00edes en el sur del L\u00edbano Ministro de Exteriores de Ir\u00e1n se re\u00fane con autoridades paquistan\u00edes Ir\u00e1n ejecuta a hombre acusado de cumplir una &#8220;misi\u00f3n&#8221; para Israel Ministro de Exteriores de Ir\u00e1n llega a Islamabad para negociaciones con Estados Unidos Alemania desplegar\u00e1 cazaminas ante posible env\u00edo al estrecho de Ormuz La Armada alemana planea desplegar un buque cazaminas en el Mediterr\u00e1neo en los pr\u00f3ximos d\u00edas, ante la posibilidad de un despliegue en el estrecho de Ormuz, inform\u00f3 el Ministerio de Defensa este s\u00e1bado (25.04.2026). &#8220;Esto constituye un despliegue previo de preparaci\u00f3n para la posible participaci\u00f3n de la Bundeswehr en una misi\u00f3n multinacional para asegurar el estrecho de Ormuz&#8221;, se\u00f1al\u00f3 un portavoz. Esta medida permitir\u00e1 ahorrar tiempo, posibilitando el despliegue r\u00e1pido del cazaminas Fulda una vez que se cumplan las condiciones establecidas por las autoridades alemanas. Las declaraciones se conocieron despu\u00e9s de que el ministro de Defensa alem\u00e1n, Boris Pistorius, informara que se enviar\u00edan unidades navales alemanas al Mediterr\u00e1neo para un posible despliegue en el estrecho de Ormuz. (dpa, AFP). Cuatro muertos en ataques israel\u00edes en el sur del L\u00edbano El Ministerio de Salud de L\u00edbano inform\u00f3 este s\u00e1bado (25.04.2026) que cuatro personas murieron en ataques israel\u00edes en el sur del pa\u00eds, pese al alto al fuego, prolongado esta semana, en la guerra entre Israel y el movimiento proiran\u00ed Hezbol\u00e1. &#8220;Dos ataques del enemigo israel\u00ed, dirigidos contra un cami\u00f3n y una motocicleta, en la localidad de Yohmor al Shaqef, en el distrito de Nabatiye, dejaron cuatro muertos&#8221;, indic\u00f3 el ministerio en un comunicado. Ante el estancamiento de las negociaciones con Ir\u00e1n, que no dan se\u00f1ales de reanudarse para encontrar una soluci\u00f3n duradera a la guerra, el presidente estadounidense Donald Trump hab\u00eda anunciado el jueves una pr\u00f3rroga de la tregua en L\u00edbano. (AFP, Reuters) Ir\u00e1n ejecuta a hombre acusado de cumplir una &#8220;misi\u00f3n&#8221; para Israel Ir\u00e1n ejecut\u00f3 este s\u00e1bado (25.04.2026) a un hombre condenado por cumplir una &#8220;misi\u00f3n&#8221; por cuenta del espionaje israel\u00ed en enero, durante las protestas antirr\u00e9gimen, indic\u00f3 el poder judicial. La de este s\u00e1bado es la \u00faltima en una serie de ejecuciones llevadas a cabo desde que el 28 de febrero estall\u00f3 la actual guerra, con los bombardeos de Israel y Estados Unidos contra Ir\u00e1n. Erfan Kiani fue ejecutado en la horca despu\u00e9s de que la Corte Suprema confirmada su pena, indic\u00f3 el Mizan Online, la web del poder judicial iran\u00ed. Este medio present\u00f3 a Kiani como uno de los &#8220;principales operativos&#8221; de una &#8220;misi\u00f3n encargada por el Mosad&#8221;, el servicio de inteligencia exterior israel\u00ed, durante unos incidentes en la provincia central de Isfah\u00e1n. El poder judicial dice que Kiani fue culpable de &#8220;destrucci\u00f3n de propiedad p\u00fablica y privada, incendio intencionado, posesi\u00f3n y uso de c\u00f3cteles molotov&#8221;, atacar a agentes de la autoridad y &#8220;crear miedo y p\u00e1nico entre los ciudadanos&#8221;. (AFP, EFE) Ir\u00e1n reanuda los vuelos internacionales por primera vez desde el inicio de la guerra Ir\u00e1n reanud\u00f3 este s\u00e1bado (25.04.2026) los vuelos internacionales por primera vez desde el inicio de la guerra con Israel y Estados Unidos el 28 de febrero, tras la reapertura del Aeropuerto Internacional Imam Jomeini de Teher\u00e1n en medio de la tregua. Los medios iran\u00edes informaron que los primeros vuelos despegaron al amanecer con destino a ciudades como Medina (Arabia Saudita), Mascate (Om\u00e1n) y Estambul (Turqu\u00eda), en lo que supone el inicio de la reactivaci\u00f3n de las conexiones internacionales desde Teher\u00e1n. Las autoridades destacaron que esta nueva fase operativa comenz\u00f3 con \u00e9xito gracias a la coordinaci\u00f3n de las aerol\u00edneas nacionales y se\u00f1alaron que el ritmo de vuelos aumentar\u00e1 en los pr\u00f3ximos d\u00edas. La reanudaci\u00f3n de los vuelos internacionales se produce despu\u00e9s de que este mi\u00e9rcoles se retomaran los vuelos nacionales desde Teher\u00e1n a la ciudad nororiental de Mashad. (EFE, AP) Ministro de Exteriores de Ir\u00e1n se re\u00fane con autoridades paquistan\u00edes El ministro de Exteriores de Ir\u00e1n, Abbas Araqchi, mantuvo este s\u00e1bado (25.04.2026) una reuni\u00f3n con el jefe de las Fuerzas de Defensa de Pakist\u00e1n y principal mediador en el conflicto entre Estados Unidos y la Rep\u00fablica Isl\u00e1mica, Asim Munir, en un encuentro en el que tambi\u00e9n estuvieron importantes responsables del aparato de defensa y seguidad pakistan\u00edes. En la reuni\u00f3n, seg\u00fan pudo verse en las im\u00e1genes difundidas por las autoridades paquistan\u00edes y replicadas tambi\u00e9n por medios iran\u00edes estuvieron, adem\u00e1s de Araqchi y Munir, el asesor de seguridad nacional y jefe del servicio de Inteligencia del Ej\u00e9rcito paquistan\u00ed, Asim Malik; el ministro del Interior de Pakist\u00e1n, Mohsin Naqvi y el viceministro de Exteriores de Ir\u00e1n, Kazem Garibabadi. Araqchi lleg\u00f3 la noche del viernes a Islamabad con el \u00fanico objetivo declarado de reunirse con la c\u00fapula civil y militar de Pakist\u00e1n, un viaje que coincide con el anuncio de Estados Unidos del inminente env\u00edo de una delegaci\u00f3n a la capital paquistan\u00ed para intentar desbloquear las negociaciones de paz para resolver la crisis regional. (EFE, dpa)<\/p>\n<div class=\"venep-after-content venep-entity-placement\" id=\"venep-3581174175\"><div id=\"venep-1031681353\"><a href=\"https:\/\/veneportal.com\/clasificados\/listing\/warriorolls-handrolleria\/\" aria-label=\"warriorolls\"><img src=\"https:\/\/veneportal.com\/noticias\/wp-content\/uploads\/sites\/2\/2021\/07\/6.png\" alt=\"warriorolls\"  width=\"300\" height=\"250\"   \/><\/a><\/div><\/div>","protected":false},"excerpt":{"rendered":"<p>Minuto a minuto, los detalles sobre la guerra en Medio Oriente tras los ataques de Israel y Estados Unidos contra el r\u00e9gimen isl\u00e1mico de Ir\u00e1n el s\u00e1bado 25 de abril.&hellip; <\/p>\n","protected":false},"author":505,"featured_media":83114,"comment_status":"open","ping_status":"open","sticky":false,"template":"","format":"standard","meta":{"footnotes":""},"categories":[85],"tags":[],"class_list":["post-83113","post","type-post","status-publish","format-standard","has-post-thumbnail","hentry","category-politica"],"_links":{"self":[{"href":"https:\/\/veneportal.com\/noticias\/wp-json\/wp\/v2\/posts\/83113","targetHints":{"allow":["GET"]}}],"collection":[{"href":"https:\/\/veneportal.com\/noticias\/wp-json\/wp\/v2\/posts"}],"about":[{"href":"https:\/\/veneportal.com\/noticias\/wp-json\/wp\/v2\/types\/post"}],"author":[{"embeddable":true,"href":"https:\/\/veneportal.com\/noticias\/wp-json\/wp\/v2\/users\/505"}],"replies":[{"embeddable":true,"href":"https:\/\/veneportal.com\/noticias\/wp-json\/wp\/v2\/comments?post=83113"}],"version-history":[{"count":0,"href":"https:\/\/veneportal.com\/noticias\/wp-json\/wp\/v2\/posts\/83113\/revisions"}],"wp:featuredmedia":[{"embeddable":true,"href":"https:\/\/veneportal.com\/noticias\/wp-json\/wp\/v2\/media\/83114"}],"wp:attachment":[{"href":"https:\/\/veneportal.com\/noticias\/wp-json\/wp\/v2\/media?parent=83113"}],"wp:term":[{"taxonomy":"category","embeddable":true,"href":"https:\/\/veneportal.com\/noticias\/wp-json\/wp\/v2\/categories?post=83113"},{"taxonomy":"post_tag","embeddable":true,"href":"https:\/\/veneportal.com\/noticias\/wp-json\/wp\/v2\/tags?post=83113"}],"curies":[{"name":"wp","href":"https:\/\/api.w.org\/{rel}","templated":true}]}}