{"id":83103,"date":"2026-04-25T00:00:11","date_gmt":"2026-04-25T04:00:11","guid":{"rendered":"https:\/\/veneportal.com\/noticias\/2026\/04\/25\/siguen-siendo-seguras-las-jubilaciones-en-alemania\/"},"modified":"2026-04-25T00:00:11","modified_gmt":"2026-04-25T04:00:11","slug":"siguen-siendo-seguras-las-jubilaciones-en-alemania","status":"publish","type":"post","link":"https:\/\/veneportal.com\/noticias\/2026\/04\/25\/siguen-siendo-seguras-las-jubilaciones-en-alemania\/","title":{"rendered":"\u00bfSiguen siendo seguras las jubilaciones en Alemania?"},"content":{"rendered":"<p>El canciller alem\u00e1n, Merz, provoc\u00f3 controversia al calificar a las jubilaciones de &#8220;cobertura b\u00e1sica&#8221;. \u00bfQu\u00e9 quiso decir con eso, y c\u00f3mo se posiciona Alemania a nivel internacional en cuanto a las pensiones?Las jubilaciones o pensiones, los ingresos en el per\u00edodo posterior a la vida laboral, son desde hace muchos a\u00f1os un tema candente en Alemania. Esta vez, nada menos que el canciller alem\u00e1n, Friedrich Merz, del partido conservador Uni\u00f3n Dem\u00f3crata Cristiana (CDU), caus\u00f3 pol\u00e9mica con una declaraci\u00f3n al respecto. M\u00e1s jubilaciones privadas y con prestaciones de empresas &#8220;La jubilaci\u00f3n estatal por s\u00ed sola ser\u00e1, en el mejor de los casos, el seguro b\u00e1sico para la vejez. Ya no ser\u00e1 suficiente para garantizar el nivel de vida a largo plazo&#8221;, afirm\u00f3 Merz recientemente en un evento organizado por la Asociaci\u00f3n Federal de Bancos Alemanes en Berl\u00edn. Por lo tanto, son necesarios elementos adicionales de financiaci\u00f3n de las pensiones empresariales y privadas, enfatiz\u00f3 el canciller. &#8220;Y en una escala mucho mayor que la que tenemos actualmente, en gran medida de forma voluntaria&#8221;, subray\u00f3. Esto significar\u00eda depender m\u00e1s de las acciones y otras formas de inversi\u00f3n en el futuro. Una estrategia controvertida, porque el mercado de cap\u00ectales est\u00e1 sujeto a grandes fluctuaciones de precios. Las ganancias de hoy pueden ser las p\u00e9rdidas de ma\u00f1ana, y viceversa. La comisi\u00f3n de pensiones deber\u00eda desarrollar propuestas La ministra alemana de Trabajo y Asuntos Sociales, la socialdem\u00f3crata B\u00e4rbel Bas (SPD), critic\u00f3 duramente los comentarios del canciller sobre las pensiones en el programa de televisi\u00f3n &#8220;Maischberger&#8221;, de la cadena p\u00fablica ZDF. Merz &#8220;dio la impresi\u00f3n de que ahora la gente deber\u00eda asegurar todo de forma privada&#8221;, se\u00f1al\u00f3. Seg\u00fan Bas, muchas personas entendieron que Merz quiso decir que &#8220;ya ni siquiera recibir\u00edan una pensi\u00f3n decente&#8221;. La disputa sobre las pensiones entre los partidos de la coalici\u00f3n gobernante, la Uni\u00f3n Dem\u00f3crata Cristiana y la Uni\u00f3n Social Cristiana (CDU\/CSU), por un lado, y el Partido Socialdem\u00f3crata Alem\u00e1n (SPD), por otro, puede ser un anticipo de lo que pronto podr\u00eda hacer que las emociones sigan a flor de piel. Una comisi\u00f3n de pensiones creada por la coalici\u00f3n presentar\u00e1 sus recomendaciones a finales de junio. Consecuencias econ\u00f3micas de una sociedad que envejece Los principales puntos de partida de todos los modelos de sistemas de jubilaciones para el futuro son el desarrollo demogr\u00e1fico, por un lado, y la esperanza de vida, por otro. En Alemania, como en muchos otros pa\u00edses, las bajas tasas de natalidad tienen graves consecuencias financieras: cada vez menos trabajadores pagan contribuciones a los planes estatales de pensiones, mientras que el n\u00famero de jubilados aumenta. La Organizaci\u00f3n para la Cooperaci\u00f3n y el Desarrollo Econ\u00f3mico (OCDE) ha analizado los sistemas de pensiones de sus 38 Estados miembros en el estudio Pensions at a Glance (&#8220;Una mirada a las pensiones&#8221;). El hallazgo central: las estrategias pol\u00edticas son muy diferentes y dif\u00edciles de comparar en muchos aspectos. Pensiones netas en Alemania est\u00e1n por debajo de la media Si tomamos en cuenta \u00fanicamente el importe de la jubilaci\u00f3n en relaci\u00f3n con los \u00faltimos ingresos, despu\u00e9s de deducir los impuestos y las cotizaciones a la seguridad social, Alemania se sit\u00faa en el rango medio, con un 53 por ciento del salario neto, y, por tanto, muy por debajo de la media, del 61 por ciento. Otros pa\u00edses europeos muy poblados, como Francia e Italia, tienen valores entre el 70 y casi el 80 por ciento. Pero hay oscilaciones ascendentes y descendentes a\u00fan m\u00e1s fuertes. En Estonia, Lituania e Irlanda, el nivel de las pensiones estatales a veces est\u00e1 por debajo del 40 por ciento. En los Pa\u00edses Bajos, Portugal y Turqu\u00eda, es m\u00e1s del doble, superior al 90 por ciento. Jubilaci\u00f3n a los 67 a\u00f1os ya es una realidad en EE. UU. y Jap\u00f3n Seg\u00fan la OCDE, la edad a la que las personas realmente terminan su vida laboral juega un papel importante en la financiaci\u00f3n de las pensiones. En Alemania, actualmente la gente se jubila en promedio a los 64 a\u00f1os, casi tres a\u00f1os antes de lo que exige la ley para todas las cohortes de nacimiento a partir de 1964. Quienes se van antes, generalmente tambi\u00e9n reciben una pensi\u00f3n menor. En algunos pa\u00edses ya hay que trabajar hasta los 67 a\u00f1os, por ejemplo, en Estados Unidos y Jap\u00f3n, la primera y la cuarta econom\u00eda m\u00e1s grande del mundo. Desde el punto de vista de la OCDE, tiene sentido vincular el inicio de la jubilaci\u00f3n al aumento de la esperanza de vida y, por tanto, prolongar la vida laboral en muchos pa\u00edses. Aumento de las cotizaciones a las pensiones en Francia e Italia El importe de las cotizaciones de la jubilaci\u00f3n estatal var\u00eda mucho a nivel internacional. Seg\u00fan cifras de la OCDE, en Francia, representa alrededor del 30 por ciento de los ingresos, y en Italia llega incluso al 33 por ciento. En Alemania es significativamente m\u00e1s bajo, con un 18,6 por ciento. Lo paga la mitad el empleado y la otra mitad el empleador. Un aspecto que est\u00e1 cobrando cada vez m\u00e1s relevancia es la pobreza en la vejez. En Alemania, el riesgo de ser pobre tras jubilarse es especialmente grande para aquellos que ganaban poco y apenas pod\u00edan ahorrar dinero para pensiones privadas. En Dinamarca, los pol\u00edticos intentan contrarrestar esto con una pensi\u00f3n b\u00e1sica financiada con impuestos. Otro tema, particularmente en Alemania, es que las personas que viv\u00edan y trabajaban en la ex RDA, hasta 1990, recibieron durante un largo tiempo mucho menos dinero de su jubilaci\u00f3n, de acuerdo con sus a\u00f1os de trabajo. El ajuste gradual al nivel que existe en el oeste alem\u00e1n no se complet\u00f3 sino hasta 2025, 35 a\u00f1os despu\u00e9s de la reunificaci\u00f3n. Por lo tanto, la pobreza en la vejez afecta potencialmente con mayor frecuencia a los alemanes orientales. Otra raz\u00f3n: debido a la econom\u00eda estatal planificada en la RDA, las personas no ten\u00edan oportunidad de invertir, por ejemplo, en fondos de pensiones. En el comunismo, a diferencia del capitalismo, no hab\u00eda mercados de valores. (cp\/rml)<\/p>\n<div class=\"venep-after-content venep-entity-placement\" id=\"venep-305943175\"><div id=\"venep-2485616673\"><a href=\"https:\/\/www.silverstarfinancialservices.com\/\" aria-label=\"silverstar financial\"><img src=\"https:\/\/veneportal.com\/noticias\/wp-content\/uploads\/sites\/2\/2022\/06\/silverstar-financial-2.png\" alt=\"silverstar financial\"  srcset=\"https:\/\/veneportal.com\/noticias\/wp-content\/uploads\/sites\/2\/2022\/06\/silverstar-financial-2.png 1748w, https:\/\/veneportal.com\/noticias\/wp-content\/uploads\/sites\/2\/2022\/06\/silverstar-financial-2-300x213.png 300w, https:\/\/veneportal.com\/noticias\/wp-content\/uploads\/sites\/2\/2022\/06\/silverstar-financial-2-1024x726.png 1024w, https:\/\/veneportal.com\/noticias\/wp-content\/uploads\/sites\/2\/2022\/06\/silverstar-financial-2-768x545.png 768w, https:\/\/veneportal.com\/noticias\/wp-content\/uploads\/sites\/2\/2022\/06\/silverstar-financial-2-1536x1090.png 1536w, https:\/\/veneportal.com\/noticias\/wp-content\/uploads\/sites\/2\/2022\/06\/silverstar-financial-2-600x426.png 600w\" sizes=\"(max-width: 1748px) 100vw, 1748px\" width=\"559\" height=\"397\"   \/><\/a><\/div><\/div>","protected":false},"excerpt":{"rendered":"<p>El canciller alem\u00e1n, Merz, provoc\u00f3 controversia al calificar a las jubilaciones de &#8220;cobertura b\u00e1sica&#8221;. \u00bfQu\u00e9 quiso decir con eso, y c\u00f3mo se posiciona Alemania a nivel internacional en cuanto a&hellip; <\/p>\n","protected":false},"author":505,"featured_media":47623,"comment_status":"open","ping_status":"open","sticky":false,"template":"","format":"standard","meta":{"footnotes":""},"categories":[85],"tags":[],"class_list":["post-83103","post","type-post","status-publish","format-standard","has-post-thumbnail","hentry","category-politica"],"_links":{"self":[{"href":"https:\/\/veneportal.com\/noticias\/wp-json\/wp\/v2\/posts\/83103","targetHints":{"allow":["GET"]}}],"collection":[{"href":"https:\/\/veneportal.com\/noticias\/wp-json\/wp\/v2\/posts"}],"about":[{"href":"https:\/\/veneportal.com\/noticias\/wp-json\/wp\/v2\/types\/post"}],"author":[{"embeddable":true,"href":"https:\/\/veneportal.com\/noticias\/wp-json\/wp\/v2\/users\/505"}],"replies":[{"embeddable":true,"href":"https:\/\/veneportal.com\/noticias\/wp-json\/wp\/v2\/comments?post=83103"}],"version-history":[{"count":0,"href":"https:\/\/veneportal.com\/noticias\/wp-json\/wp\/v2\/posts\/83103\/revisions"}],"wp:featuredmedia":[{"embeddable":true,"href":"https:\/\/veneportal.com\/noticias\/wp-json\/wp\/v2\/media\/47623"}],"wp:attachment":[{"href":"https:\/\/veneportal.com\/noticias\/wp-json\/wp\/v2\/media?parent=83103"}],"wp:term":[{"taxonomy":"category","embeddable":true,"href":"https:\/\/veneportal.com\/noticias\/wp-json\/wp\/v2\/categories?post=83103"},{"taxonomy":"post_tag","embeddable":true,"href":"https:\/\/veneportal.com\/noticias\/wp-json\/wp\/v2\/tags?post=83103"}],"curies":[{"name":"wp","href":"https:\/\/api.w.org\/{rel}","templated":true}]}}