{"id":82710,"date":"2026-04-11T00:00:09","date_gmt":"2026-04-11T04:00:09","guid":{"rendered":"https:\/\/veneportal.com\/noticias\/2026\/04\/11\/kamala-harris-evalua-postularse-en-presidenciales-de-2028\/"},"modified":"2026-04-11T00:00:09","modified_gmt":"2026-04-11T04:00:09","slug":"kamala-harris-evalua-postularse-en-presidenciales-de-2028","status":"publish","type":"post","link":"https:\/\/veneportal.com\/noticias\/2026\/04\/11\/kamala-harris-evalua-postularse-en-presidenciales-de-2028\/","title":{"rendered":"Kamala Harris eval\u00faa postularse en presidenciales de 2028"},"content":{"rendered":"<p>&#8220;Lo estoy pensando&#8221;, dijo la exvicepresidenta estadounidense tras ser consultada por los medios en un evento en Nueva York.La exvicepresidenta de Estados Unidos, Kamala Harris, asegur\u00f3 este viernes (10.04.2026) en Nueva York que est\u00e1 sopesando la posibilidad de presentarse como candidata a las elecciones presidenciales de 2028, despu\u00e9s de haber perdido contra Donald Trump en 2024. &#8220;Lo estoy pensando&#8221;, respondi\u00f3 Harris de manera directa ante la pregunta del activista Al Sharpton sobre si volver\u00eda a competir por la Casa Blanca en el pr\u00f3ximo ciclo electoral. &#8220;Podr\u00eda hacerlo&#8221;, anot\u00f3 la dem\u00f3crata, que ha pasado un periodo de relativa ausencia medi\u00e1tica tras el relevo en la Casa Blanca, aunque matiz\u00f3 que todav\u00eda se encuentra en un proceso de reflexi\u00f3n. Harris hizo estas declaraciones en un evento organizado por la National Action Network (NAN) en Nueva York, donde tambi\u00e9n repas\u00f3 su trayectoria en la Administraci\u00f3n de Joe Biden y su visi\u00f3n sobre el estado actual del pa\u00eds. &#8220;S\u00e9 lo que es el trabajo (de presidente) y s\u00e9 lo que requiere&#8221;, afirm\u00f3 la exvicepresidenta, subrayando que su oficina en el Ala Oeste estaba a apenas unos pasos de la del mandatario. mg (efe, CNN)<\/p>\n<div class=\"venep-after-content venep-entity-placement\" id=\"venep-136483890\"><div id=\"venep-292979473\"><script async src=\"https:\/\/pagead2.googlesyndication.com\/pagead\/js\/adsbygoogle.js?client=ca-pub-5862940809620110\"\r\n     crossorigin=\"anonymous\"><\/script>\r\n<ins class=\"adsbygoogle\"\r\n     style=\"display:block\"\r\n     data-ad-format=\"fluid\"\r\n     data-ad-layout-key=\"-6t+ed+2i-1n-4w\"\r\n     data-ad-client=\"ca-pub-5862940809620110\"\r\n     data-ad-slot=\"7946604715\"><\/ins>\r\n<script>\r\n     (adsbygoogle = window.adsbygoogle || []).push({});\r\n<\/script><\/div><\/div>","protected":false},"excerpt":{"rendered":"<p>&#8220;Lo estoy pensando&#8221;, dijo la exvicepresidenta estadounidense tras ser consultada por los medios en un evento en Nueva York.La exvicepresidenta de Estados Unidos, Kamala Harris, asegur\u00f3 este viernes (10.04.2026) en&hellip; <\/p>\n","protected":false},"author":505,"featured_media":82711,"comment_status":"open","ping_status":"open","sticky":false,"template":"","format":"standard","meta":{"footnotes":""},"categories":[85],"tags":[],"class_list":["post-82710","post","type-post","status-publish","format-standard","has-post-thumbnail","hentry","category-politica"],"_links":{"self":[{"href":"https:\/\/veneportal.com\/noticias\/wp-json\/wp\/v2\/posts\/82710","targetHints":{"allow":["GET"]}}],"collection":[{"href":"https:\/\/veneportal.com\/noticias\/wp-json\/wp\/v2\/posts"}],"about":[{"href":"https:\/\/veneportal.com\/noticias\/wp-json\/wp\/v2\/types\/post"}],"author":[{"embeddable":true,"href":"https:\/\/veneportal.com\/noticias\/wp-json\/wp\/v2\/users\/505"}],"replies":[{"embeddable":true,"href":"https:\/\/veneportal.com\/noticias\/wp-json\/wp\/v2\/comments?post=82710"}],"version-history":[{"count":0,"href":"https:\/\/veneportal.com\/noticias\/wp-json\/wp\/v2\/posts\/82710\/revisions"}],"wp:featuredmedia":[{"embeddable":true,"href":"https:\/\/veneportal.com\/noticias\/wp-json\/wp\/v2\/media\/82711"}],"wp:attachment":[{"href":"https:\/\/veneportal.com\/noticias\/wp-json\/wp\/v2\/media?parent=82710"}],"wp:term":[{"taxonomy":"category","embeddable":true,"href":"https:\/\/veneportal.com\/noticias\/wp-json\/wp\/v2\/categories?post=82710"},{"taxonomy":"post_tag","embeddable":true,"href":"https:\/\/veneportal.com\/noticias\/wp-json\/wp\/v2\/tags?post=82710"}],"curies":[{"name":"wp","href":"https:\/\/api.w.org\/{rel}","templated":true}]}}