{"id":82688,"date":"2026-04-10T02:02:04","date_gmt":"2026-04-10T06:02:04","guid":{"rendered":"https:\/\/veneportal.com\/noticias\/2026\/04\/10\/el-cine-espanol-brilla-en-cannes-con-tres-filmes-en-competicion\/"},"modified":"2026-04-10T02:02:04","modified_gmt":"2026-04-10T06:02:04","slug":"el-cine-espanol-brilla-en-cannes-con-tres-filmes-en-competicion","status":"publish","type":"post","link":"https:\/\/veneportal.com\/noticias\/2026\/04\/10\/el-cine-espanol-brilla-en-cannes-con-tres-filmes-en-competicion\/","title":{"rendered":"El cine espa\u00f1ol brilla en Cannes con tres filmes en competici\u00f3n"},"content":{"rendered":"<p>Por primera vez en d\u00e9cadas, el cine espa\u00f1ol vuelve a destacar en la competici\u00f3n oficial de Cannes con tres t\u00edtulos por la Palma de Oro.Los cineastas espa\u00f1oles Pedro Almod\u00f3var, con &#8220;Amarga Navidad&#8221;, Rodrigo Sorogoyen con &#8220;El ser querido&#8221; y el d\u00fao formado por Javier Ambrossi y Javier Calvo con &#8220;La bola negra&#8221;, competir\u00e1n por la Palma de Oro en el pr\u00f3ximo Festival de Cannes, anunciaron este jueves (09.04.2026) los organizadores. En total, 21 filmes est\u00e1n en liza, entre ellos &#8220;Histoires parall\u00e8les&#8221; del iran\u00ed Asghar Farhadi, &#8220;Sheep in the Box&#8221; del japon\u00e9s Hirokazu Kore-eda (ya con una Palma de Oro en 2018) y &#8220;Minotaur&#8221; del ruso Andrey Zvyagintsev. La presencia de tres cintas espa\u00f1olas compitiendo por el m\u00e1ximo galard\u00f3n es un hecho hist\u00f3rico que no ocurr\u00eda en el mayor festival de cine del mundo desde hac\u00eda d\u00e9cadas. Esto tambi\u00e9n muestra que existe &#8220;un cierto movimiento en el cine espa\u00f1ol&#8221;, record\u00f3 Thierry Fr\u00e9maux, el delegado general de la muestra, en la presentaci\u00f3n de la selecci\u00f3n. &#8220;Este pa\u00eds sigue produciendo artistas formidables&#8221;. La 79\u00aa edici\u00f3n del festival se celebrar\u00e1 del 12 al 23 de mayo, con un jurado presidido por el cineasta surcoreano Park Chan-wook. EE (efe, afp)<\/p>\n<div class=\"venep-after-content venep-entity-placement\" id=\"venep-213289288\"><div id=\"venep-2210586702\"><a href=\"https:\/\/veneportal.com\/clasificados\/listing\/warriorolls-handrolleria\/\" aria-label=\"warriorolls\"><img src=\"https:\/\/veneportal.com\/noticias\/wp-content\/uploads\/sites\/2\/2021\/07\/6.png\" alt=\"warriorolls\"  width=\"300\" height=\"250\"   \/><\/a><\/div><\/div>","protected":false},"excerpt":{"rendered":"<p>Por primera vez en d\u00e9cadas, el cine espa\u00f1ol vuelve a destacar en la competici\u00f3n oficial de Cannes con tres t\u00edtulos por la Palma de Oro.Los cineastas espa\u00f1oles Pedro Almod\u00f3var, con&hellip; <\/p>\n","protected":false},"author":505,"featured_media":82689,"comment_status":"open","ping_status":"open","sticky":false,"template":"","format":"standard","meta":{"footnotes":""},"categories":[83],"tags":[],"class_list":["post-82688","post","type-post","status-publish","format-standard","has-post-thumbnail","hentry","category-cultura"],"_links":{"self":[{"href":"https:\/\/veneportal.com\/noticias\/wp-json\/wp\/v2\/posts\/82688","targetHints":{"allow":["GET"]}}],"collection":[{"href":"https:\/\/veneportal.com\/noticias\/wp-json\/wp\/v2\/posts"}],"about":[{"href":"https:\/\/veneportal.com\/noticias\/wp-json\/wp\/v2\/types\/post"}],"author":[{"embeddable":true,"href":"https:\/\/veneportal.com\/noticias\/wp-json\/wp\/v2\/users\/505"}],"replies":[{"embeddable":true,"href":"https:\/\/veneportal.com\/noticias\/wp-json\/wp\/v2\/comments?post=82688"}],"version-history":[{"count":0,"href":"https:\/\/veneportal.com\/noticias\/wp-json\/wp\/v2\/posts\/82688\/revisions"}],"wp:featuredmedia":[{"embeddable":true,"href":"https:\/\/veneportal.com\/noticias\/wp-json\/wp\/v2\/media\/82689"}],"wp:attachment":[{"href":"https:\/\/veneportal.com\/noticias\/wp-json\/wp\/v2\/media?parent=82688"}],"wp:term":[{"taxonomy":"category","embeddable":true,"href":"https:\/\/veneportal.com\/noticias\/wp-json\/wp\/v2\/categories?post=82688"},{"taxonomy":"post_tag","embeddable":true,"href":"https:\/\/veneportal.com\/noticias\/wp-json\/wp\/v2\/tags?post=82688"}],"curies":[{"name":"wp","href":"https:\/\/api.w.org\/{rel}","templated":true}]}}