{"id":82670,"date":"2026-04-09T12:02:08","date_gmt":"2026-04-09T16:02:08","guid":{"rendered":"https:\/\/veneportal.com\/noticias\/2026\/04\/09\/iran-ataques-israelies-contra-libano-suponen-una-grave-violacion-a-la-tregua\/"},"modified":"2026-04-09T12:02:08","modified_gmt":"2026-04-09T16:02:08","slug":"iran-ataques-israelies-contra-libano-suponen-una-grave-violacion-a-la-tregua","status":"publish","type":"post","link":"https:\/\/veneportal.com\/noticias\/2026\/04\/09\/iran-ataques-israelies-contra-libano-suponen-una-grave-violacion-a-la-tregua\/","title":{"rendered":"Ir\u00e1n: ataques israel\u00edes contra L\u00edbano suponen una \u201cgrave violaci\u00f3n a la tregua\u201d"},"content":{"rendered":"<p>Minuto a minuto, los detalles sobre la guerra en Medio Oriente tras los ataques de Israel y Estados Unidos contra el r\u00e9gimen isl\u00e1mico de Ir\u00e1n. Ir\u00e1n sobre ataques israel\u00edes en L\u00edbano: una &#8220;grave violaci\u00f3n a la tregua&#8221; Gobierno brit\u00e1nico pide que L\u00edbano sea incluido en el alto el fuego con Ir\u00e1n Espa\u00f1a reabrir\u00e1 su embajada en Teher\u00e1n Australia advierte que escalada en L\u00edbano amenaza la tregua La Uni\u00f3n Europea pide que la tregua se extienda al L\u00edbano La alta representante de Exteriores de la Uni\u00f3n Europea (UE), Kaja Kallas, advirti\u00f3 este jueves a Israel que sus ataques &#8220;desmesurados&#8221; contra el L\u00edbano ponen en riesgo el alto al fuego alcanzado entre Estados Unidos e Ir\u00e1n, y pidi\u00f3 que la tregua se extendiera al L\u00edbano. &#8220;Las acciones de Israel est\u00e1n sometiendo a una fuerte presi\u00f3n el alto el fuego entre Estados Unidos e Ir\u00e1n. La tregua con Ir\u00e1n deber\u00eda extenderse al L\u00edbano&#8221;, dijo la representante europea a trav\u00e9s de redes sociales. Kallas a\u00f1adi\u00f3 que los ataques israel\u00edes contra el L\u00edbano de anoche &#8220;causaron cientos de muertos (&#8230;) lo que hace dif\u00edcil argumentar que unas acciones tan desmesuradas puedan considerarse leg\u00edtima defensa&#8221;. (reuters\/efe) El embajador de Ir\u00e1n en Pakist\u00e1n retira el anuncio sobre la llegada de sus negociadores El embajador de Ir\u00e1n en Pakist\u00e1n, Reza Amiri Moghadam, retir\u00f3 este jueves el mensaje oficial en el que confirmaba la llegada de una delegaci\u00f3n de su pa\u00eds a Islamabad para las negociaciones de paz con Estados Unidos. El diplom\u00e1tico hab\u00eda confirmado inicialmente en la red social X que, pese al &#8220;escepticismo de la opini\u00f3n p\u00fablica&#8221;, la delegaci\u00f3n invitada por el primer ministro Shehbaz Sharif llegar\u00eda esta noche a la capital pakistan\u00ed para mantener &#8220;conversaciones serias&#8221;. Sin embargo, el mensaje fue eliminado horas despu\u00e9s sin que la delegaci\u00f3n diplom\u00e1tica iran\u00ed haya aclarado si el viaje de los negociadores sigue en pie o si ha sido pospuesto. (efe\/afp) Espa\u00f1a reabrir\u00e1 de forma inmediata su embajada en Teher\u00e1n El ministro espa\u00f1ol de Asuntos Exteriores, Jos\u00e9 Manuel Albares, dio instrucciones para que el embajador de Espa\u00f1a en Teher\u00e1n, , regrese a la capital iran\u00ed y reabra la embajada, que fue cerrada temporalmente el 7 de marzo por los bombardeos de EE. UU. e Israel, que empezaron el 28 de febrero. Albares, en declaraciones a los periodistas antes de comparecer en la Comisi\u00f3n de Asuntos Exteriores del Congreso, explic\u00f3 que toma esta decisi\u00f3n ante el par\u00e9ntesis de dos semanas de alto el fuego que han acordado Estados Unidos e Ir\u00e1n y con el fin de que &#8220;desde todos los vectores&#8221; impulsen ese esfuerzo por la paz. (afp, efe) Gobierno brit\u00e1nico pide que L\u00edbano sea incluido en el alto el fuego con Ir\u00e1n La ministra brit\u00e1nica de Exteriores, Yvette Cooper, pidi\u00f3 este jueves que L\u00edbano sea incluido en el alto el fuego acordado entre Estados Unidos e Ir\u00e1n, de lo contrario podr\u00eda desestabilizar toda la regi\u00f3n de Oriente Medio. &#8220;La escalada que vimos ayer por parte de Israel fue, en mi opini\u00f3n, profundamente perjudicial, y queremos que cesen las hostilidades en L\u00edbano&#8221;, a\u00f1adi\u00f3 Cooper en declaraciones a Radio Times, despu\u00e9s de que EE. UU. e Ir\u00e1n alcanzasen una tregua de dos semanas para frenar la guerra y reabrir el estrecho de Ormuz. El L\u00edbano afront\u00f3 los peores bombardeos de Israel desde el inicio de su ofensiva el 2 de marzo, mientras Hezbol\u00e1 retoma sus ataques contra Israel, al que acusa de haber violado la tregua temporal. (afp\/efe) Ir\u00e1n: ataques israel\u00edes contra L\u00edbano suponen una \u201cgrave violaci\u00f3n a la tregua\u201d Los ataques israel\u00edes del mi\u00e9rcoles contra el L\u00edbano constituyen una &#8220;grave violaci\u00f3n&#8221; del alto el fuego acordado entre Estados Unidos e Ir\u00e1n, dijo este jueves a la BBC el viceministro de Asuntos Exteriores iran\u00ed, . &#8220;No se puede pedir un alto el fuego, aceptar t\u00e9rminos y condiciones, aceptar todas las zonas donde se aplica, mencionar espec\u00edficamente al L\u00edbano, y luego que tu aliado inicie una masacre&#8221;, afirm\u00f3 Khatibzabeh al programa Today de Radio 4 de la BBC. EE. UU. debe elegir entre la guerra y la paz porque &#8220;no pueden tener ambas cosas a la vez, son mutuamente excluyentes, eso est\u00e1 muy claro&#8221;, agreg\u00f3 el viceministro, que calific\u00f3 de &#8220;especie de genocidio&#8221; los ataques israel\u00edes contra el L\u00edbano. (efe\/bbc\/times)<\/p>\n<div class=\"venep-after-content venep-entity-placement\" id=\"venep-1158391122\"><div id=\"venep-1421563680\"><script async src=\"https:\/\/pagead2.googlesyndication.com\/pagead\/js\/adsbygoogle.js?client=ca-pub-5862940809620110\"\r\n     crossorigin=\"anonymous\"><\/script>\r\n<ins class=\"adsbygoogle\"\r\n     style=\"display:block\"\r\n     data-ad-format=\"fluid\"\r\n     data-ad-layout-key=\"-6t+ed+2i-1n-4w\"\r\n     data-ad-client=\"ca-pub-5862940809620110\"\r\n     data-ad-slot=\"7946604715\"><\/ins>\r\n<script>\r\n     (adsbygoogle = window.adsbygoogle || []).push({});\r\n<\/script><\/div><\/div>","protected":false},"excerpt":{"rendered":"<p>Minuto a minuto, los detalles sobre la guerra en Medio Oriente tras los ataques de Israel y Estados Unidos contra el r\u00e9gimen isl\u00e1mico de Ir\u00e1n. Ir\u00e1n sobre ataques israel\u00edes en&hellip; <\/p>\n","protected":false},"author":505,"featured_media":82671,"comment_status":"open","ping_status":"open","sticky":false,"template":"","format":"standard","meta":{"footnotes":""},"categories":[85],"tags":[],"class_list":["post-82670","post","type-post","status-publish","format-standard","has-post-thumbnail","hentry","category-politica"],"_links":{"self":[{"href":"https:\/\/veneportal.com\/noticias\/wp-json\/wp\/v2\/posts\/82670","targetHints":{"allow":["GET"]}}],"collection":[{"href":"https:\/\/veneportal.com\/noticias\/wp-json\/wp\/v2\/posts"}],"about":[{"href":"https:\/\/veneportal.com\/noticias\/wp-json\/wp\/v2\/types\/post"}],"author":[{"embeddable":true,"href":"https:\/\/veneportal.com\/noticias\/wp-json\/wp\/v2\/users\/505"}],"replies":[{"embeddable":true,"href":"https:\/\/veneportal.com\/noticias\/wp-json\/wp\/v2\/comments?post=82670"}],"version-history":[{"count":0,"href":"https:\/\/veneportal.com\/noticias\/wp-json\/wp\/v2\/posts\/82670\/revisions"}],"wp:featuredmedia":[{"embeddable":true,"href":"https:\/\/veneportal.com\/noticias\/wp-json\/wp\/v2\/media\/82671"}],"wp:attachment":[{"href":"https:\/\/veneportal.com\/noticias\/wp-json\/wp\/v2\/media?parent=82670"}],"wp:term":[{"taxonomy":"category","embeddable":true,"href":"https:\/\/veneportal.com\/noticias\/wp-json\/wp\/v2\/categories?post=82670"},{"taxonomy":"post_tag","embeddable":true,"href":"https:\/\/veneportal.com\/noticias\/wp-json\/wp\/v2\/tags?post=82670"}],"curies":[{"name":"wp","href":"https:\/\/api.w.org\/{rel}","templated":true}]}}