{"id":82585,"date":"2026-04-06T12:00:07","date_gmt":"2026-04-06T16:00:07","guid":{"rendered":"https:\/\/veneportal.com\/noticias\/2026\/04\/06\/leon-xiv-recuerda-al-papa-francisco-durante-el-lunes-de-pascua\/"},"modified":"2026-04-06T12:00:07","modified_gmt":"2026-04-06T16:00:07","slug":"leon-xiv-recuerda-al-papa-francisco-durante-el-lunes-de-pascua","status":"publish","type":"post","link":"https:\/\/veneportal.com\/noticias\/2026\/04\/06\/leon-xiv-recuerda-al-papa-francisco-durante-el-lunes-de-pascua\/","title":{"rendered":"Le\u00f3n XIV recuerda al papa Francisco durante el Lunes de Pascua"},"content":{"rendered":"<p>El sumo pont\u00edfice resalt\u00f3 que Francisco &#8220;entreg\u00f3 su vida al Se\u00f1or&#8221; justo el Lunes de Pascua del a\u00f1o pasado.El papa Le\u00f3n XIV record\u00f3 este lunes (06.04.2026) con &#8220;particular afecto&#8221; la figura de su predecesor, el papa Francisco, quien falleci\u00f3 el pasado Lunes de Pascua, jornada que en 2025 coincidi\u00f3 con el 21 de abril. Antes del rezo del Regina Coeli, la oraci\u00f3n mariana que sustituye al \u00c1ngelus durante el tiempo pascual, el sumo pont\u00edfice destac\u00f3 el &#8220;testimonio de fe y de amor&#8221; del papa argentino. &#8220;Con particular afecto, a la luz del Resucitado, recordamos hoy al papa Francisco, que precisamente el Lunes de Pascua del a\u00f1o pasado entreg\u00f3 su vida al Se\u00f1or&#8221;, dijo Le\u00f3n XIV desde la ventana del palacio Apost\u00f3lico a los fieles congregados en la plaza de San Pedro, en el Vaticano. El papa Francisco falleci\u00f3 a los 88 a\u00f1os en su residencia de la Casa Santa Marta, apenas unas horas despu\u00e9s de su \u00faltima aparici\u00f3n p\u00fablica en el balc\u00f3n de la bas\u00edlica de San Pedro para impartir la bendici\u00f3n urbi et orbi (a la ciudad y al mundo). Francisco hab\u00eda participado de forma muy limitada en los ritos de la Semana Santa de 2025 tras una hospitalizaci\u00f3n de 38 d\u00edas por una neumon\u00eda bilateral. rr efe\/vatican news<\/p>\n<div class=\"venep-after-content venep-entity-placement\" id=\"venep-2709745206\"><div id=\"venep-4032402227\"><blockquote>\r\n<h6 style=\"border: 8px dashed green; text-align: center;\"><span style=\"color: #800000;\">Publica tu Press Release, Nota de prensa o Art\u00edculo promocional en<\/span> <span style=\"color: #0000ff;\"><a style=\"color: #0000ff;\" href=\"https:\/\/veneportal.com\/contact\/\">Veneportal.com<\/a><\/span> \u00a1La forma mas econ\u00f3mica y eficiente de promover tu producto, servicio o marca con contenido!<\/h6>\r\n<\/blockquote><\/div><\/div>","protected":false},"excerpt":{"rendered":"<p>El sumo pont\u00edfice resalt\u00f3 que Francisco &#8220;entreg\u00f3 su vida al Se\u00f1or&#8221; justo el Lunes de Pascua del a\u00f1o pasado.El papa Le\u00f3n XIV record\u00f3 este lunes (06.04.2026) con &#8220;particular afecto&#8221; la&hellip; <\/p>\n","protected":false},"author":505,"featured_media":82586,"comment_status":"open","ping_status":"open","sticky":false,"template":"","format":"standard","meta":{"footnotes":""},"categories":[85],"tags":[],"class_list":["post-82585","post","type-post","status-publish","format-standard","has-post-thumbnail","hentry","category-politica"],"_links":{"self":[{"href":"https:\/\/veneportal.com\/noticias\/wp-json\/wp\/v2\/posts\/82585","targetHints":{"allow":["GET"]}}],"collection":[{"href":"https:\/\/veneportal.com\/noticias\/wp-json\/wp\/v2\/posts"}],"about":[{"href":"https:\/\/veneportal.com\/noticias\/wp-json\/wp\/v2\/types\/post"}],"author":[{"embeddable":true,"href":"https:\/\/veneportal.com\/noticias\/wp-json\/wp\/v2\/users\/505"}],"replies":[{"embeddable":true,"href":"https:\/\/veneportal.com\/noticias\/wp-json\/wp\/v2\/comments?post=82585"}],"version-history":[{"count":0,"href":"https:\/\/veneportal.com\/noticias\/wp-json\/wp\/v2\/posts\/82585\/revisions"}],"wp:featuredmedia":[{"embeddable":true,"href":"https:\/\/veneportal.com\/noticias\/wp-json\/wp\/v2\/media\/82586"}],"wp:attachment":[{"href":"https:\/\/veneportal.com\/noticias\/wp-json\/wp\/v2\/media?parent=82585"}],"wp:term":[{"taxonomy":"category","embeddable":true,"href":"https:\/\/veneportal.com\/noticias\/wp-json\/wp\/v2\/categories?post=82585"},{"taxonomy":"post_tag","embeddable":true,"href":"https:\/\/veneportal.com\/noticias\/wp-json\/wp\/v2\/tags?post=82585"}],"curies":[{"name":"wp","href":"https:\/\/api.w.org\/{rel}","templated":true}]}}