{"id":82455,"date":"2026-04-01T00:02:15","date_gmt":"2026-04-01T04:02:15","guid":{"rendered":"https:\/\/veneportal.com\/noticias\/2026\/04\/01\/alemania-habra-menos-delincuencia-sin-migracion-irregular\/"},"modified":"2026-04-01T00:02:15","modified_gmt":"2026-04-01T04:02:15","slug":"alemania-habra-menos-delincuencia-sin-migracion-irregular","status":"publish","type":"post","link":"https:\/\/veneportal.com\/noticias\/2026\/04\/01\/alemania-habra-menos-delincuencia-sin-migracion-irregular\/","title":{"rendered":"Alemania: \u00bfhabr\u00e1 menos delincuencia sin migraci\u00f3n irregular?"},"content":{"rendered":"<p>\u00bfSer\u00eda Alemania m\u00e1s segura si se deportara a m\u00e1s inmigrantes irregulares? El canciller Friedrich Merz lo da a entender cuando habla de inmigrantes violentos. Pero la realidad es m\u00e1s compleja.De una &#8220;explosi\u00f3n de violencia&#8221; habl\u00f3 el canciller de Alemania, Friedrich Merz, en marzo, en el Parlamento alem\u00e1n, y de que &#8220;una parte considerable de esta violencia proviene de grupos de inmigrantes en la Rep\u00fablica Federal de Alemania&#8221;. No es la primera vez que el canciller hace una afirmaci\u00f3n de este tipo. Su Gobierno redujo el n\u00famero de solicitudes de asilo en un 60 por ciento, seg\u00fan inform\u00f3 Merz en el oto\u00f1o boreal de 2025. &#8220;Pero todav\u00eda tenemos este problema en el paisaje urbano&#8221;, se\u00f1al\u00f3, y por eso, ahora se est\u00e1n llevando a cabo &#8220;deportaciones a gran escala&#8221;. El bloque conservador Uni\u00f3n Dem\u00f3crata Cristiana\/Uni\u00f3n Social Cristiana (CDU\/CSU) est\u00e1 bajo presi\u00f3n por los \u00e9xitos electorales del partido Alternativa para Alemania (AfD), en parte de extrema derecha, que lleg\u00f3 a obtener cerca de un 19 por ciento en los dos comicios regionales de este a\u00f1o, en Baden-Wurtemberg y Renania-Palatinado. Miedo en mercados navide\u00f1os y estaciones de trenes Al analizar los resultados electorales de AfD, Jens Spahn, jefe de la fracci\u00f3n de CDU\/CSU en el Bundestag, habl\u00f3 de la vida cotidiana de los alemanes en una conferencia de gobiernos locales en Berl\u00edn a la que asistieron unos 200 alcaldes y administradores de distrito de la CDU y la CSU, as\u00ed como otros representantes de gobiernos locales. Spahn defendi\u00f3 los dichos de Merz: &#8220;Los mercados navide\u00f1os parecen fortalezas, la situaci\u00f3n en las estaciones centrales del ferrocarril, no solo en las grandes ciudades, tambi\u00e9n en los lugares p\u00fablicos en ciudades medianas, ha cambiado. Hay hurtos en las tiendas y otros inconvenientes, no se puede fingir que la migraci\u00f3n irregular no ha transformado el paisaje urbano&#8221;. Aumenta la sensaci\u00f3n de inseguridad en lugares p\u00fablicos Un 48 por ciento de los alemanes se sienten inseguros en el espacio p\u00fablico, seg\u00fan una encuesta representativa del instituto de investigaci\u00f3n de opini\u00f3n Infratest dimap, de finales de 2025. En 2017 solo se sent\u00eda as\u00ed un 23 por ciento. La sensaci\u00f3n de seguridad en Alemania ha disminuido. Pero \u00bfvolver\u00e1 a aumentar con una pol\u00edtica de asilo restrictiva? Incluso los funcionarios locales m\u00e1s conservadores tienen una visi\u00f3n diferente. &#8220;Lo que m\u00e1s influye en la sensaci\u00f3n subjetiva de seguridad de la gente en las ciudades no son los delitos graves, sino el comportamiento socialmente inapropiado de ciertos grupos&#8221;, declar\u00f3 Thorsten W\u00fcnschmann, jefe de la Oficina de Orden P\u00fablico de la ciudad de Hanau, estado de Hesse, en la conferencia en Berl\u00edn. Se trata de un comportamiento que &#8220;est\u00e1 muy por debajo del nivel de delitos o faltas, pero asusta a la gente en los espacios p\u00fablicos&#8221;, explic\u00f3. Decadencia social en lugar de delitos graves W\u00fcnschman se refiere con eso, entre otras cosas, a los drogadictos, a gente alcoholizada, mendigos agresivos y personas sin techo. Tambi\u00e9n los inmuebles abandonados, la basura y la suciedad influyen en la imagen de las ciudades. Aunque sean solo algunas zonas o calles, eso se irradia a todo el paisaje urbano. Una apariencia descuidada del centro de la ciudad contribuye a aumentar la sensaci\u00f3n de inseguridad y causa inquietud en la poblaci\u00f3n, seg\u00fan el consenso general en la conferencia. Rainer Wendt, jefe del sindicato de la Polic\u00eda alemana, dijo en la conferencia en Berl\u00edn: &#8220;Viv\u00ed cerca de Alexanderplatz durante mucho tiempo; cualquiera que se encuentre por las ma\u00f1anas con trabajadores migrantes, en su mayor\u00eda de Europa del Este, o con sus pertenencias en las puertas, sabe de lo que hablo&#8221;. El secretario de Estado parlamentario del Ministerio alem\u00e1n del Interior, Christoph de Vries (CDU), se refiri\u00f3 a las bandas organizadas que ponen personas a mendigar cada ma\u00f1ana, por ejemplo, en distintos puntos de su ciudad, Hamburgo. La Oficina de Orden P\u00fablico de Hamburgo los empez\u00f3 a controlar regularmente, aclara De Vries: &#8220;No pas\u00f3 mucho tiempo, y ya dejaron de venir&#8221;. Criminalidad en los municipios: lucha en varios frentes &#8220;Ahora la gente bloquea las entradas de los edificios donde viven para impedir que estas personas se inyecten, consuman o vendan drogas all\u00ed&#8221;, continu\u00f3 De Vries. Es una situaci\u00f3n insostenible, dijo: &#8220;No puede ser que el espacio p\u00fablico sea ocupado por individuos marginales, y que los ciudadanos comunes ya no se atrevan a ir all\u00ed&#8221;. Muchas personas en Alemania tambi\u00e9n est\u00e1n atemorizadas por el creciente n\u00famero de delitos graves. &#8220;A menudo se trata de criminalidad de origen extranjero, por ejemplo, del crimen organizado turco, cada vez m\u00e1s violento, m\u00e1s abierto y descarado, que recurre al uso de armas de fuego, granadas de mano y extorsi\u00f3n&#8221;, detall\u00f3. Ciudades y pueblos a menudo no cuentan con su propia fuerza policial En Alemania, la Polic\u00eda act\u00faa a nivel nacional y en cada estado federado. Los municipios, por otro lado, se encargan de las infracciones menores. Para ello, cuentan con sus propios cuerpos de seguridad, que forman parte de las Oficinas de Orden P\u00fablico. Thorsten W\u00fcnschmann, de la Oficina de Orden P\u00fablico de Hanau, inform\u00f3 de experiencias positivas con agentes del servicio de orden p\u00fablico municipal: &#8220;A menudo conocen a la gente en la calle mejor que sus compa\u00f1eros de la Polic\u00eda de los estados federados&#8221;. Para poder garantizar el orden en el espacio p\u00fablico, se necesita m\u00e1s personal, m\u00e1s tecnolog\u00edas modernas de vigilancia y m\u00e1s dinero proveniente del Gobierno de Berl\u00edn y de los estados federados. La mayor\u00eda de los municipios, sin embargo, est\u00e1n altamente endeudados. En 2024 registraron un r\u00e9cord de d\u00e9ficit de casi 25.000 millones de euros, y en la primera mitad de 2025 se sumaron otros 20.000 millones a la deuda. En el Bundestag se est\u00e1n debatiendo varias alternativas para fortalecer a las ciudades y municipios. La financiaci\u00f3n para el desarrollo urbano aumentar\u00e1 de mil millones a 1.600 millones de euros. Ahora, ese dinero tambi\u00e9n se podr\u00e1 utilizar para financiar medidas de prevenci\u00f3n del delito, con cambios en la planificaci\u00f3n urbana para eliminar las &#8220;zonas del miedo&#8221;, \u00e1reas donde la gente se siente menos segura, especialmente al anochecer. Tambi\u00e9n se financiar\u00e1n proyectos de construcci\u00f3n para mejorar los espacios p\u00fablicos y rehabilitar edificios vac\u00edos. Sin embargo, esto no ser\u00e1 suficiente. Es fundamental hacer cumplir las normas, afirm\u00f3 el alcalde de Saarbr\u00fccken, Uwe Conradt: &#8220;En la ciudad conviven diversos grupos. No se puede simplemente reconstruir las antiguas murallas y controlar qui\u00e9n entra en la ciudad. Por lo tanto, es necesario implementar un sistema de gesti\u00f3n&#8221;. (cp\/elm)<\/p>\n<div class=\"venep-after-content venep-entity-placement\" id=\"venep-3920378709\"><div id=\"venep-2556609536\"><script async src=\"https:\/\/pagead2.googlesyndication.com\/pagead\/js\/adsbygoogle.js?client=ca-pub-5862940809620110\"\r\n     crossorigin=\"anonymous\"><\/script>\r\n<ins class=\"adsbygoogle\"\r\n     style=\"display:block\"\r\n     data-ad-format=\"fluid\"\r\n     data-ad-layout-key=\"-6t+ed+2i-1n-4w\"\r\n     data-ad-client=\"ca-pub-5862940809620110\"\r\n     data-ad-slot=\"7946604715\"><\/ins>\r\n<script>\r\n     (adsbygoogle = window.adsbygoogle || []).push({});\r\n<\/script><\/div><\/div>","protected":false},"excerpt":{"rendered":"<p>\u00bfSer\u00eda Alemania m\u00e1s segura si se deportara a m\u00e1s inmigrantes irregulares? El canciller Friedrich Merz lo da a entender cuando habla de inmigrantes violentos. Pero la realidad es m\u00e1s compleja.De&hellip; <\/p>\n","protected":false},"author":505,"featured_media":79159,"comment_status":"open","ping_status":"open","sticky":false,"template":"","format":"standard","meta":{"footnotes":""},"categories":[85],"tags":[],"class_list":["post-82455","post","type-post","status-publish","format-standard","has-post-thumbnail","hentry","category-politica"],"_links":{"self":[{"href":"https:\/\/veneportal.com\/noticias\/wp-json\/wp\/v2\/posts\/82455","targetHints":{"allow":["GET"]}}],"collection":[{"href":"https:\/\/veneportal.com\/noticias\/wp-json\/wp\/v2\/posts"}],"about":[{"href":"https:\/\/veneportal.com\/noticias\/wp-json\/wp\/v2\/types\/post"}],"author":[{"embeddable":true,"href":"https:\/\/veneportal.com\/noticias\/wp-json\/wp\/v2\/users\/505"}],"replies":[{"embeddable":true,"href":"https:\/\/veneportal.com\/noticias\/wp-json\/wp\/v2\/comments?post=82455"}],"version-history":[{"count":0,"href":"https:\/\/veneportal.com\/noticias\/wp-json\/wp\/v2\/posts\/82455\/revisions"}],"wp:featuredmedia":[{"embeddable":true,"href":"https:\/\/veneportal.com\/noticias\/wp-json\/wp\/v2\/media\/79159"}],"wp:attachment":[{"href":"https:\/\/veneportal.com\/noticias\/wp-json\/wp\/v2\/media?parent=82455"}],"wp:term":[{"taxonomy":"category","embeddable":true,"href":"https:\/\/veneportal.com\/noticias\/wp-json\/wp\/v2\/categories?post=82455"},{"taxonomy":"post_tag","embeddable":true,"href":"https:\/\/veneportal.com\/noticias\/wp-json\/wp\/v2\/tags?post=82455"}],"curies":[{"name":"wp","href":"https:\/\/api.w.org\/{rel}","templated":true}]}}