{"id":81649,"date":"2026-02-24T00:02:11","date_gmt":"2026-02-24T05:02:11","guid":{"rendered":"https:\/\/veneportal.com\/noticias\/2026\/02\/24\/oman-confirma-nueva-ronda-de-dialogo-nuclear-ee-uu\/"},"modified":"2026-02-24T00:02:11","modified_gmt":"2026-02-24T05:02:11","slug":"oman-confirma-nueva-ronda-de-dialogo-nuclear-ee-uu","status":"publish","type":"post","link":"https:\/\/veneportal.com\/noticias\/2026\/02\/24\/oman-confirma-nueva-ronda-de-dialogo-nuclear-ee-uu\/","title":{"rendered":"Om\u00e1n confirma nueva ronda de di\u00e1logo nuclear EE.UU."},"content":{"rendered":"<p>Las negociaciones entre ambos pa\u00edses continuar\u00e1n el jueves en Ginebra, anunci\u00f3 el Ministerio de Exteriores oman\u00ed.El ministro de Exteriores de Om\u00e1n, Badr bin Hamad al Busaidi, confirm\u00f3 este domingo (22.02.2026) que Ginebra albergar\u00e1 el pr\u00f3ximo jueves una nueva ronda de negociaciones nucleares entre Estados Unidos e Ir\u00e1n, en las que su pa\u00eds act\u00faa como mediador. &#8220;Me complace confirmar que las negociaciones entre EE.UU. e Ir\u00e1n est\u00e1n programadas para este jueves en Ginebra, con un impulso positivo para ir un paso m\u00e1s all\u00e1 en la finalizaci\u00f3n del acuerdo&#8221;, dijo en X. Por su parte, el presidente iran\u00ed, Masud Pezeshkian, se\u00f1al\u00f3 en esa misma red social que su pa\u00eds &#8220;est\u00e1 comprometido con la paz y la estabilidad en la regi\u00f3n&#8221;. &#8220;Las negociaciones recientes han incluido el intercambio de propuestas pr\u00e1cticas y han dejado se\u00f1ales positivas. Sin embargo, seguimos de cerca las acciones de EE.UU. y hemos tomado todas las medidas necesarias para cualquier posible escenario&#8221;, sostuvo. Ir\u00e1n apuesta a una soluci\u00f3n diplom\u00e1tica Este mismo domingo el ministro de Exteriores iran\u00ed, Ab\u00e1s Araqch\u00ed, hab\u00eda se\u00f1alado que era posible que el pr\u00f3ximo jueves tuviera lugar una nueva ronda de di\u00e1logo y apunt\u00f3 que hay &#8220;una buena posibilidad&#8221; de alcanzar una soluci\u00f3n diplom\u00e1tica, mientras Washington refuerza su contingente en Oriente Medio. &#8220;Podemos alcanzar un entendimiento sobre principios y cuestiones fundamentales, y garantizar que el programa nuclear de Ir\u00e1n es pac\u00edfico y seguir\u00e1 si\u00e9ndolo para siempre, al tiempo que se levanten las sanciones&#8221;, afirm\u00f3 en una entrevista con el canal estadounidense CBS. Su pa\u00eds, seg\u00fan dijo, est\u00e1 &#8220;trabajando en los elementos de un acuerdo y en el borrador del texto&#8221; para discutirlo en las conversaciones con la parte estadounidense. Amenaza militar estadounidense Araqch\u00ed hab\u00eda adelantado el viernes que Ir\u00e1n presentar\u00eda en unos d\u00edas su propuesta para un acuerdo, mientras el presidente de Estados Unidos, Donald Trump, fij\u00f3 un plazo de entre 10 y 15 d\u00edas para la diplomacia y se\u00f1al\u00f3 que considera un ataque limitado contra Ir\u00e1n para presionarlo a sellar un pacto. Teher\u00e1n y Washington retomaron las negociaciones nucleares el 6 de febrero en medio de las amenazas militares de EE.UU., y el martes pasado sostuvieron otro encuentro indirecto en Ginebra bajo la mediaci\u00f3n de Om\u00e1n, tras el que hablaron de avances, aunque siguen sin reconocer sus l\u00edneas rojas. Ir\u00e1n considera innegociable su programa de misiles y su apoyo a milicias regionales como Hizbul\u00e1 y Ham\u00e1s, e insiste en que solo discutir\u00e1 la limitaci\u00f3n del programa nuclear, no el enriquecimiento cero que busca Washington. Mientras, Washington desarrolla el mayor despliegue militar en Oriente Medio desde la invasi\u00f3n de Irak en 2003, con el portaaviones USS Abraham Lincoln y su grupo de combate estacionados cerca de aguas iran\u00edes, y espera la llegada del USS Gerald Ford en los pr\u00f3ximos d\u00edas, manteniendo as\u00ed la opci\u00f3n militar sobre la mesa en caso de que la diplomacia fracase. jc (afp, efe)<\/p>\n<div class=\"venep-after-content venep-entity-placement\" id=\"venep-381616336\"><div id=\"venep-3003676525\"><a href=\"https:\/\/veneportal.com\/clasificados\/listing\/ary-b-ilustraciones\/\" aria-label=\"ari b ilustraciones\"><img src=\"https:\/\/veneportal.com\/noticias\/wp-content\/uploads\/sites\/2\/2021\/07\/4.png\" alt=\"ari b ilustraciones\"  width=\"300\" height=\"250\"   \/><\/a><\/div><\/div>","protected":false},"excerpt":{"rendered":"<p>Las negociaciones entre ambos pa\u00edses continuar\u00e1n el jueves en Ginebra, anunci\u00f3 el Ministerio de Exteriores oman\u00ed.El ministro de Exteriores de Om\u00e1n, Badr bin Hamad al Busaidi, confirm\u00f3 este domingo (22.02.2026)&hellip; <\/p>\n","protected":false},"author":505,"featured_media":81650,"comment_status":"open","ping_status":"open","sticky":false,"template":"","format":"standard","meta":{"footnotes":""},"categories":[85],"tags":[],"class_list":["post-81649","post","type-post","status-publish","format-standard","has-post-thumbnail","hentry","category-politica"],"_links":{"self":[{"href":"https:\/\/veneportal.com\/noticias\/wp-json\/wp\/v2\/posts\/81649","targetHints":{"allow":["GET"]}}],"collection":[{"href":"https:\/\/veneportal.com\/noticias\/wp-json\/wp\/v2\/posts"}],"about":[{"href":"https:\/\/veneportal.com\/noticias\/wp-json\/wp\/v2\/types\/post"}],"author":[{"embeddable":true,"href":"https:\/\/veneportal.com\/noticias\/wp-json\/wp\/v2\/users\/505"}],"replies":[{"embeddable":true,"href":"https:\/\/veneportal.com\/noticias\/wp-json\/wp\/v2\/comments?post=81649"}],"version-history":[{"count":0,"href":"https:\/\/veneportal.com\/noticias\/wp-json\/wp\/v2\/posts\/81649\/revisions"}],"wp:featuredmedia":[{"embeddable":true,"href":"https:\/\/veneportal.com\/noticias\/wp-json\/wp\/v2\/media\/81650"}],"wp:attachment":[{"href":"https:\/\/veneportal.com\/noticias\/wp-json\/wp\/v2\/media?parent=81649"}],"wp:term":[{"taxonomy":"category","embeddable":true,"href":"https:\/\/veneportal.com\/noticias\/wp-json\/wp\/v2\/categories?post=81649"},{"taxonomy":"post_tag","embeddable":true,"href":"https:\/\/veneportal.com\/noticias\/wp-json\/wp\/v2\/tags?post=81649"}],"curies":[{"name":"wp","href":"https:\/\/api.w.org\/{rel}","templated":true}]}}