{"id":81367,"date":"2026-02-14T00:02:10","date_gmt":"2026-02-14T05:02:10","guid":{"rendered":"https:\/\/veneportal.com\/noticias\/2026\/02\/14\/hijo-del-ultimo-sah-pide-una-intervencion-en-iran\/"},"modified":"2026-02-14T00:02:10","modified_gmt":"2026-02-14T05:02:10","slug":"hijo-del-ultimo-sah-pide-una-intervencion-en-iran","status":"publish","type":"post","link":"https:\/\/veneportal.com\/noticias\/2026\/02\/14\/hijo-del-ultimo-sah-pide-una-intervencion-en-iran\/","title":{"rendered":"Hijo del \u00faltimo sah pide una intervenci\u00f3n en Ir\u00e1n"},"content":{"rendered":"<p>\u201cNecesitamos ese apoyo para tener una oportunidad de derrocar a este r\u00e9gimen opresor\u201d, declar\u00f3 Reza Pahlav\u00ed, durante la Conferencia de Seguridad de Munich.Reza Pahlav\u00ed, hijo del \u00faltimo sah de Ir\u00e1n, afirm\u00f3 este viernes (13.02.2026) en la Conferencia de Seguridad de M\u00fanich que los iran\u00edes quieren una intervenci\u00f3n para tener una &#8220;oportunidad\u201d de derrocar a la Rep\u00fablica Isl\u00e1mica. &#8220;Muchos iran\u00edes dentro y fuera del pa\u00eds quieren una intervenci\u00f3n que neutralice el instrumento de represi\u00f3n del r\u00e9gimen que nos dar\u00e1 finalmente una oportunidad\u201d, dijo Pahlav\u00ed en una conversaci\u00f3n con la periodista estadounidense Christiane Amanpour. &#8220;Necesitamos ese apoyo y esa igualdad de condiciones para tener una oportunidad de derrocar a este r\u00e9gimen opresor\u201d, insisti\u00f3. El que fuera pr\u00edncipe heredero de la derrocada monarqu\u00eda iran\u00ed asegur\u00f3 que eso es le piden los prisioneros pol\u00edticos y miembros de la sociedad civil con los que mantiene contacto dentro de Ir\u00e1n, donde existe &#8220;un mar de sangre entre el pueblo y el r\u00e9gimen\u201d. &#8220;Un factor igualador&#8221; necesario Pahlav\u00ed insisti\u00f3 en que es necesario &#8220;un factor igualador\u201d dado el modo en que el r\u00e9gimen iran\u00ed trata a sus ciudadanos y calific\u00f3 la represi\u00f3n en las recientes protestas de &#8220;nivel de genocidio\u201d. Las protestas comenzaron el 28 de diciembre por la ca\u00edda del rial en Teher\u00e1n pero pronto se extendieron al resto del pa\u00eds entre llamadas al fin de la Rep\u00fablica Isl\u00e1mica y que se apagaron tras una represi\u00f3n en la que el Gobierno iran\u00ed reconoce 3.117 muertos. Sin embargo, la ONG opositora HRANA, con sede en Estados Unidos, sit\u00faa en 7.005 los fallecidos, si bien contin\u00faan verificando m\u00e1s de 11.600 posibles muertes, y estiman unos 51.000 arrestos. El pol\u00edtico asegur\u00f3 que los iran\u00edes creyeron al presidente estadounidense, Donald Trump, cuando dijo en enero que iba &#8220;ayuda en camino\u201d y consider\u00f3 que a\u00fan no se ha producido una intervenci\u00f3n militar porque el republicano &#8220;necesita convencer al mundo\u201d de que se ha agotado la v\u00eda diplom\u00e1tica. El &#8220;lado correcto de la historia&#8221; Ir\u00e1n y Estados Unidos reanudaron la semana pasada negociaciones sobre el programa nuclear iran\u00ed, bajo las amenazas de Trump de intervenir militarmente si no se alcanza un acuerdo, unas advertencias que han sido acompa\u00f1adas con el despegue de una flota en aguas del golfo P\u00e9rsico. Pahlav\u00ed consider\u00f3 que las autoridades iran\u00edes &#8220;no van a acercarse ni remotamente a lo que se les exige (Trump), lo que significar\u00eda que, por la v\u00eda diplom\u00e1tica, no hemos conseguido nuestro objetivo\u201d y ello abrir\u00eda de nuevo las puertas a una intervenci\u00f3n. &#8220;Pedimos una intervenci\u00f3n humanitaria para evitar que se maten m\u00e1s vidas inocentes en el proceso&#8221;, declar\u00f3. &#8220;La cuesti\u00f3n es si el mundo va a estar del lado correcto de la historia y apoyar al pueblo iran\u00ed en su lucha por la libertad o si todo va a seguir igual\u201d, insisti\u00f3. jc (efe, afp)<\/p>\n<div class=\"venep-after-content venep-entity-placement\" id=\"venep-2032546183\"><div id=\"venep-237250969\"><script async src=\"https:\/\/pagead2.googlesyndication.com\/pagead\/js\/adsbygoogle.js?client=ca-pub-5862940809620110\"\r\n     crossorigin=\"anonymous\"><\/script>\r\n<ins class=\"adsbygoogle\"\r\n     style=\"display:block\"\r\n     data-ad-format=\"fluid\"\r\n     data-ad-layout-key=\"-6t+ed+2i-1n-4w\"\r\n     data-ad-client=\"ca-pub-5862940809620110\"\r\n     data-ad-slot=\"7946604715\"><\/ins>\r\n<script>\r\n     (adsbygoogle = window.adsbygoogle || []).push({});\r\n<\/script><\/div><\/div>","protected":false},"excerpt":{"rendered":"<p>\u201cNecesitamos ese apoyo para tener una oportunidad de derrocar a este r\u00e9gimen opresor\u201d, declar\u00f3 Reza Pahlav\u00ed, durante la Conferencia de Seguridad de Munich.Reza Pahlav\u00ed, hijo del \u00faltimo sah de Ir\u00e1n,&hellip; <\/p>\n","protected":false},"author":505,"featured_media":81368,"comment_status":"open","ping_status":"open","sticky":false,"template":"","format":"standard","meta":{"footnotes":""},"categories":[85],"tags":[],"class_list":["post-81367","post","type-post","status-publish","format-standard","has-post-thumbnail","hentry","category-politica"],"_links":{"self":[{"href":"https:\/\/veneportal.com\/noticias\/wp-json\/wp\/v2\/posts\/81367","targetHints":{"allow":["GET"]}}],"collection":[{"href":"https:\/\/veneportal.com\/noticias\/wp-json\/wp\/v2\/posts"}],"about":[{"href":"https:\/\/veneportal.com\/noticias\/wp-json\/wp\/v2\/types\/post"}],"author":[{"embeddable":true,"href":"https:\/\/veneportal.com\/noticias\/wp-json\/wp\/v2\/users\/505"}],"replies":[{"embeddable":true,"href":"https:\/\/veneportal.com\/noticias\/wp-json\/wp\/v2\/comments?post=81367"}],"version-history":[{"count":0,"href":"https:\/\/veneportal.com\/noticias\/wp-json\/wp\/v2\/posts\/81367\/revisions"}],"wp:featuredmedia":[{"embeddable":true,"href":"https:\/\/veneportal.com\/noticias\/wp-json\/wp\/v2\/media\/81368"}],"wp:attachment":[{"href":"https:\/\/veneportal.com\/noticias\/wp-json\/wp\/v2\/media?parent=81367"}],"wp:term":[{"taxonomy":"category","embeddable":true,"href":"https:\/\/veneportal.com\/noticias\/wp-json\/wp\/v2\/categories?post=81367"},{"taxonomy":"post_tag","embeddable":true,"href":"https:\/\/veneportal.com\/noticias\/wp-json\/wp\/v2\/tags?post=81367"}],"curies":[{"name":"wp","href":"https:\/\/api.w.org\/{rel}","templated":true}]}}