{"id":81285,"date":"2026-02-10T00:00:07","date_gmt":"2026-02-10T05:00:07","guid":{"rendered":"https:\/\/veneportal.com\/noticias\/2026\/02\/10\/desaparecidos-de-la-guerra-de-kosovo-queremos-un-lugar-conmemorativo\/"},"modified":"2026-02-10T00:00:10","modified_gmt":"2026-02-10T05:00:10","slug":"desaparecidos-de-la-guerra-de-kosovo-queremos-un-lugar-conmemorativo","status":"publish","type":"post","link":"https:\/\/veneportal.com\/noticias\/2026\/02\/10\/desaparecidos-de-la-guerra-de-kosovo-queremos-un-lugar-conmemorativo\/","title":{"rendered":"Desaparecidos de la guerra de Kosovo: &#8220;Queremos un lugar conmemorativo&#8221;"},"content":{"rendered":"<p>Unas 1.600 v\u00edctimas de la guerra de Kosovo siguen desaparecidas. La reuni\u00f3n de las comisiones de Kosovo y Serbia para personas desaparecidas podr\u00eda suponer un avance en la investigaci\u00f3n para esclarecer su paradero.En el pueblo de T\u00ebrnje, en el sur de Kosovo, Bekim Gashi vive con un vac\u00edo que le gustar\u00eda llenar. No tiene tumbas donde llorar su p\u00e9rdida. Solo tiene fotos de su madre, Hyra, y de sus cuatro hermanas, que desaparecieron tras una masacre perpetrada por el ej\u00e9rcito serbio en su pueblo el 25 de marzo de 1999. &#8220;Mi madre y mis hermanas fueron asesinadas ese d\u00eda. Desde hace 26 a\u00f1os no s\u00e9 d\u00f3nde est\u00e1n enterrados sus cuerpos. Cada vez que veo una fosa, pienso que podr\u00edan estar all\u00ed&#8221;, relata a DW Bekim Gashi. La guerra de Kosovo termin\u00f3 oficialmente en junio de 1999. En ese momento, hab\u00eda alrededor de 4.600 personas desaparecidas en el territorio kosovar. Gran parte de los casos pudieron resolverse. Sin embargo, para unas 1.600 familias, la guerra a\u00fan no ha terminado. La mayor\u00eda de los desaparecidos son albanokosovares, alrededor de 1.100, los otros 500 son serbios, roman\u00edes o miembros de otras minor\u00edas. La cuesti\u00f3n de las personas desaparecidas sigue siendo una de las heridas m\u00e1s profundas de la posguerra, una tragedia humana, pol\u00edtica y moral que hasta ahora ning\u00fan acuerdo ha podido sanar. El destino de 14 desaparecidos de la familia Gashi sigue sin esclarecerse. Bekim Gashi y otros miembros de la familia participaron en exhumaciones y llevaron a cabo a\u00f1os de procedimientos judiciales en Belgrado, sin resultados tangibles. &#8220;Fuimos a Belgrado con la esperanza de obtener informaci\u00f3n. El proceso dur\u00f3 seis a\u00f1os. Al final, no hubo ning\u00fan resultado&#8221;, cuenta a DW. Reuni\u00f3n en Shkodra Ahora hay nuevas esperanzas: el 4 de febrero de 2026, los representantes de las comisiones estatales de Serbia y Kosovo para personas desaparecidas se reunieron por primera vez en la ciudad de Shkodra, en el norte de Albania, para hablar sobre medidas concretas que permitan esclarecer el destino de las personas desaparecidas. Poco antes, el 22 de enero, se alcanz\u00f3 en Bruselas un acuerdo de principio para formar una comisi\u00f3n trilateral con representantes de Kosovo, Serbia y la UE. La reuni\u00f3n en Shkodra tuvo lugar casi tres a\u00f1os despu\u00e9s de una declaraci\u00f3n de principios entre Kosovo y Serbia sobre el tema de los desaparecidos. A principios de mayo de 2023, el primer ministro de Kosovo, Albin Kurti, y el presidente serbio, Aleksandar Vucic, declararon que ambos Estados aclarar\u00edan conjuntamente el destino de los desaparecidos. Se trataba de un acuerdo en el marco del di\u00e1logo moderado por la UE para normalizar las relaciones entre Kosovo y Serbia. Ambiente positivo Aparte de los representantes de las comisiones estatales de Serbia y Kosovo para personas desaparecidas, particip\u00f3 la organizaci\u00f3n no gubernamental kosovar Z\u00ebri i Prind\u00ebrve (La voz de los padres), que apoya la b\u00fasqueda de personas desaparecidas. Su representante, Xhyle Haziri, dice a DW que la reuni\u00f3n se desarroll\u00f3 en un ambiente positivo y &#8220;sin palabras negativas&#8221;. Haziri cuenta que, hasta ahora, la parte serbia siempre se ha opuesto a la investigaci\u00f3n, lo que ha supuesto el mayor obst\u00e1culo. Serbia ha retrasado una y otra vez las reuniones y los procesos. Sin embargo, ahora, &#8220;hay compromisos de que en marzo se trabajar\u00e1 m\u00e1s intensamente y se celebrar\u00e1 una nueva reuni\u00f3n&#8221;, afirma Haziri. Y agrega: &#8220;Hoy tengo m\u00e1s esperanza que antes. Porque todos estuvieron de acuerdo en que la cuesti\u00f3n de los desaparecidos debe resolverse de una vez por todas&#8221;. Esperanza y escepticismo Klisman Kadiu, asesor del viceprimer ministro de Kosovo, se muestra menos euf\u00f3rico. &#8220;Desde la aprobaci\u00f3n de la declaraci\u00f3n sobre las personas desaparecidas, en mayo de 2023, los avances han sido m\u00ednimos, sobre todo debido a la continua negativa de Serbia a cooperar de manera sustancial&#8221;, observa Kadiu en declaraciones a DW. Para \u00e9l, est\u00e1 claro que, sin voluntad pol\u00edtica, no se puede alcanzar una soluci\u00f3n. &#8220;Las mayores deficiencias radican en la falta de voluntad pol\u00edtica, la falta de transparencia y la negativa a abrir los archivos estatales&#8221;, asegura Kadiu. &#8220;Estos retrasos han prolongado injustificadamente el sufrimiento de las familias afectadas&#8221;, prosigue. La esperanza que ahora tiene Bekim Gahsi se mezcla con mucho escepticismo. Para \u00e9l, solo hay un lugar donde se encuentra la verdad: Serbia. &#8220;Serbia se llev\u00f3 los cad\u00e1veres. Serbia sabe d\u00f3nde est\u00e1n. No pedimos milagros. Solo queremos los restos y un lugar al que podamos ir a depositar una flor&#8221;. Durante el proceso judicial en Serbia, al que acudi\u00f3, se mencion\u00f3 repetidamente a la 549\u00aa brigada del antiguo Ej\u00e9rcito Popular Yugoslavo, que llevaba informes diarios y mensuales de sus operaciones. &#8220;Si se abrieran los archivos de esta brigada, all\u00ed estar\u00eda todo&#8221;, afirma Bekim Gashi. &#8220;En Kosovo no existe esta informaci\u00f3n&#8221;. (vt\/ms)<\/p>\n<div class=\"venep-after-content venep-entity-placement\" id=\"venep-2248849879\"><div id=\"venep-2978990613\"><script async src=\"https:\/\/pagead2.googlesyndication.com\/pagead\/js\/adsbygoogle.js?client=ca-pub-5862940809620110\"\r\n     crossorigin=\"anonymous\"><\/script>\r\n<ins class=\"adsbygoogle\"\r\n     style=\"display:block\"\r\n     data-ad-format=\"fluid\"\r\n     data-ad-layout-key=\"-6t+ed+2i-1n-4w\"\r\n     data-ad-client=\"ca-pub-5862940809620110\"\r\n     data-ad-slot=\"7946604715\"><\/ins>\r\n<script>\r\n     (adsbygoogle = window.adsbygoogle || []).push({});\r\n<\/script><\/div><\/div>","protected":false},"excerpt":{"rendered":"<p>Unas 1.600 v\u00edctimas de la guerra de Kosovo siguen desaparecidas. La reuni\u00f3n de las comisiones de Kosovo y Serbia para personas desaparecidas podr\u00eda suponer un avance en la investigaci\u00f3n para&hellip; <\/p>\n","protected":false},"author":505,"featured_media":81286,"comment_status":"open","ping_status":"open","sticky":false,"template":"","format":"standard","meta":{"footnotes":""},"categories":[85],"tags":[],"class_list":["post-81285","post","type-post","status-publish","format-standard","has-post-thumbnail","hentry","category-politica"],"_links":{"self":[{"href":"https:\/\/veneportal.com\/noticias\/wp-json\/wp\/v2\/posts\/81285","targetHints":{"allow":["GET"]}}],"collection":[{"href":"https:\/\/veneportal.com\/noticias\/wp-json\/wp\/v2\/posts"}],"about":[{"href":"https:\/\/veneportal.com\/noticias\/wp-json\/wp\/v2\/types\/post"}],"author":[{"embeddable":true,"href":"https:\/\/veneportal.com\/noticias\/wp-json\/wp\/v2\/users\/505"}],"replies":[{"embeddable":true,"href":"https:\/\/veneportal.com\/noticias\/wp-json\/wp\/v2\/comments?post=81285"}],"version-history":[{"count":0,"href":"https:\/\/veneportal.com\/noticias\/wp-json\/wp\/v2\/posts\/81285\/revisions"}],"wp:featuredmedia":[{"embeddable":true,"href":"https:\/\/veneportal.com\/noticias\/wp-json\/wp\/v2\/media\/81286"}],"wp:attachment":[{"href":"https:\/\/veneportal.com\/noticias\/wp-json\/wp\/v2\/media?parent=81285"}],"wp:term":[{"taxonomy":"category","embeddable":true,"href":"https:\/\/veneportal.com\/noticias\/wp-json\/wp\/v2\/categories?post=81285"},{"taxonomy":"post_tag","embeddable":true,"href":"https:\/\/veneportal.com\/noticias\/wp-json\/wp\/v2\/tags?post=81285"}],"curies":[{"name":"wp","href":"https:\/\/api.w.org\/{rel}","templated":true}]}}