{"id":81129,"date":"2026-02-03T12:00:08","date_gmt":"2026-02-03T17:00:08","guid":{"rendered":"https:\/\/veneportal.com\/noticias\/2026\/02\/03\/espana-prohibira-acceder-a-redes-sociales-a-menores-de-16-anos\/"},"modified":"2026-02-03T12:00:08","modified_gmt":"2026-02-03T17:00:08","slug":"espana-prohibira-acceder-a-redes-sociales-a-menores-de-16-anos","status":"publish","type":"post","link":"https:\/\/veneportal.com\/noticias\/2026\/02\/03\/espana-prohibira-acceder-a-redes-sociales-a-menores-de-16-anos\/","title":{"rendered":"Espa\u00f1a prohibir\u00e1 acceder a redes sociales a menores de 16 a\u00f1os"},"content":{"rendered":"<p>Pedro S\u00e1nchez ha anunciado que Espa\u00f1a prohibir\u00e1 el acceso a las redes sociales a menores de 16 a\u00f1os y adoptar\u00e1 otras medidas para aumentar el control de las plataformas digitales.Ante el plenario de la Cumbre Mundial de Gobiernos que se celebra en Dub\u00e1i, Pedro S\u00e1nchez anunci\u00f3 el martes, 3 de febrero de 2026, que Espa\u00f1a prohibir\u00e1 el acceso a las redes sociales a menores de 16 a\u00f1os. Adem\u00e1s, S\u00e1nchez pedir\u00e1 responsabilidades a los directivos de estas plataformas y ha concretado las medidas que va a poner en marcha su Gobierno. As\u00ed, ha asegurado que, para impedir su impunidad, ser\u00e1n legalmente responsables de las infracciones que se cometan en las plataformas digitales de las que son responsables. Por otro lado, se tipificar\u00e1 como delito la manipulaci\u00f3n de los algoritmos y la amplificaci\u00f3n de contenido ilegal, y se estudiar\u00e1 junto a la Fiscal\u00eda las v\u00edas para investigar las posibles infracciones legales de Grok, TikTok e Instagram. Esfuerzo con otros pa\u00edses europeos S\u00e1nchez ha anunciado igualmente la creaci\u00f3n de un sistema de rastreo, cuantificaci\u00f3n y trazabilidad que permita establecer lo que ha denominado &#8220;una huella de odio y polarizaci\u00f3n&#8221;. De la misma forma, el presidente del Gobierno ha informado de que Espa\u00f1a se ha unido a cinco pa\u00edses europeos en la &#8216;Coalici\u00f3n de los Dispuestos Digitales&#8217; para avanzar de manera coordinada y eficaz en la aplicaci\u00f3n de una regulaci\u00f3n m\u00e1s estricta, r\u00e1pida y eficaz de las plataformas sociales. S\u00e1nchez ha considerado necesarias esas medidas y ese esfuerzo conjunto, debido a que las redes sociales se han convertido en &#8220;un estado fallido, un lugar donde se ignoran las leyes, donde se toleran los delitos y donde la desinformaci\u00f3n vale m\u00e1s que la verdad y la mitad de los usuarios sufren ataques de odio&#8221;. El presidente ha insistido en que es necesario &#8220;recuperar el control&#8221; y asegurarse de que las plataformas cumplen las normas como todos los dem\u00e1s, algo que ha admitido que no va a ser f\u00e1cil porque las redes sociales y sus empresas son m\u00e1s ricas y poderosas que muchos pa\u00edses, incluida Espa\u00f1a. &#8220;Pero su poder y su influencia no nos deben dar miedo, porque nuestra determinaci\u00f3n -ha a\u00f1adido- es mayor que su riqueza&#8221;. ms (efe\/kna\/reuters)<\/p>\n<div class=\"venep-after-content venep-entity-placement\" id=\"venep-494021023\"><div id=\"venep-2738350750\"><a href=\"https:\/\/veneportal.com\/clasificados\/listing\/ary-b-ilustraciones\/\" aria-label=\"ari b ilustraciones\"><img src=\"https:\/\/veneportal.com\/noticias\/wp-content\/uploads\/sites\/2\/2021\/07\/4.png\" alt=\"ari b ilustraciones\"  width=\"300\" height=\"250\"   \/><\/a><\/div><\/div>","protected":false},"excerpt":{"rendered":"<p>Pedro S\u00e1nchez ha anunciado que Espa\u00f1a prohibir\u00e1 el acceso a las redes sociales a menores de 16 a\u00f1os y adoptar\u00e1 otras medidas para aumentar el control de las plataformas digitales.Ante&hellip; <\/p>\n","protected":false},"author":505,"featured_media":81130,"comment_status":"open","ping_status":"open","sticky":false,"template":"","format":"standard","meta":{"footnotes":""},"categories":[85],"tags":[],"class_list":["post-81129","post","type-post","status-publish","format-standard","has-post-thumbnail","hentry","category-politica"],"_links":{"self":[{"href":"https:\/\/veneportal.com\/noticias\/wp-json\/wp\/v2\/posts\/81129","targetHints":{"allow":["GET"]}}],"collection":[{"href":"https:\/\/veneportal.com\/noticias\/wp-json\/wp\/v2\/posts"}],"about":[{"href":"https:\/\/veneportal.com\/noticias\/wp-json\/wp\/v2\/types\/post"}],"author":[{"embeddable":true,"href":"https:\/\/veneportal.com\/noticias\/wp-json\/wp\/v2\/users\/505"}],"replies":[{"embeddable":true,"href":"https:\/\/veneportal.com\/noticias\/wp-json\/wp\/v2\/comments?post=81129"}],"version-history":[{"count":0,"href":"https:\/\/veneportal.com\/noticias\/wp-json\/wp\/v2\/posts\/81129\/revisions"}],"wp:featuredmedia":[{"embeddable":true,"href":"https:\/\/veneportal.com\/noticias\/wp-json\/wp\/v2\/media\/81130"}],"wp:attachment":[{"href":"https:\/\/veneportal.com\/noticias\/wp-json\/wp\/v2\/media?parent=81129"}],"wp:term":[{"taxonomy":"category","embeddable":true,"href":"https:\/\/veneportal.com\/noticias\/wp-json\/wp\/v2\/categories?post=81129"},{"taxonomy":"post_tag","embeddable":true,"href":"https:\/\/veneportal.com\/noticias\/wp-json\/wp\/v2\/tags?post=81129"}],"curies":[{"name":"wp","href":"https:\/\/api.w.org\/{rel}","templated":true}]}}