{"id":81087,"date":"2026-02-01T12:00:08","date_gmt":"2026-02-01T17:00:08","guid":{"rendered":"https:\/\/veneportal.com\/noticias\/2026\/02\/01\/wadephul-no-nos-dejemos-intimidar-por-iran\/"},"modified":"2026-02-01T12:00:08","modified_gmt":"2026-02-01T17:00:08","slug":"wadephul-no-nos-dejemos-intimidar-por-iran","status":"publish","type":"post","link":"https:\/\/veneportal.com\/noticias\/2026\/02\/01\/wadephul-no-nos-dejemos-intimidar-por-iran\/","title":{"rendered":"Wadephul: &#8220;No nos dejemos intimidar por Ir\u00e1n&#8221;"},"content":{"rendered":"<p>Alemania rechaza la designaci\u00f3n a los ej\u00e9rcitos europeos como &#8220;grupos terroristas&#8221; por parte de Teher\u00e1n.El ministro de Asuntos Exteriores alem\u00e1n, Johann Wadephul, critic\u00f3 duramente el domingo (01.02.2026) a Ir\u00e1n por su decisi\u00f3n de designar a los ej\u00e9rcitos de la Uni\u00f3n Europea como grupos terroristas, una medida que se produce en respuesta a la inclusi\u00f3n por parte de la UE de la fuerza paramilitar de \u00e9lite iran\u00ed en su lista de organizaciones terroristas. Wadephul calific\u00f3 el anuncio de Ir\u00e1n de &#8220;infundado&#8221; y &#8220;propagand\u00edstico&#8221;. &#8220;No nos dejaremos intimidar sobre nuestra postura&#8221;, declar\u00f3 el m\u00e1ximo diplom\u00e1tico alem\u00e1n antes de emprender un viaje al Sudeste Asi\u00e1tico y la regi\u00f3n del Pac\u00edfico. Ej\u00e9rcitos europeos como &#8220;grupos terroristas&#8221; El presidente del Parlamento iran\u00ed, Mohammad Bagher Ghalibaf, declar\u00f3 el domingo que Ir\u00e1n ahora considera a los ej\u00e9rcitos de los estados de la Uni\u00f3n Europea como &#8220;grupos terroristas&#8221;, citando la legislaci\u00f3n de 2019. Esto se produce despu\u00e9s de que los ministros de Asuntos Exteriores de la UE decidieran el jueves designar al poderoso Cuerpo de la Guardia Revolucionaria Isl\u00e1mica (CGRI) de Ir\u00e1n como organizaci\u00f3n terrorista tras la sangrienta represi\u00f3n de las recientes protestas antigubernamentales. La medida se consider\u00f3 en gran medida simb\u00f3lica, ya que el CGRI ya ha sido sancionado por la UE por violaciones de derechos humanos en otras ocasiones sin consecuencias pr\u00e1cticas. &#8220;Europa quiere complacer a su amo, Estados Unidos, con estas medidas&#8221;, declar\u00f3 Ghalibaf en el Parlamento, seg\u00fan la agencia de noticias iran\u00ed ISNA. V\u00eddeos publicados por medios iran\u00edes mostraban a legisladores vestidos con uniformes del CGRI en se\u00f1al de solidaridad. Algunos coreaban &#8220;\u00a1Muerte a Estados Unidos!&#8221; y &#8220;\u00a1Muerte a Israel!&#8221; con el pu\u00f1o en alto. lgc (dpa, ard)<\/p>\n<div class=\"venep-after-content venep-entity-placement\" id=\"venep-1987212195\"><div id=\"venep-165208602\"><a href=\"https:\/\/www.silverstarfinancialservices.com\/\" aria-label=\"silverstar financial\"><img src=\"https:\/\/veneportal.com\/noticias\/wp-content\/uploads\/sites\/2\/2022\/06\/silverstar-financial-2.png\" alt=\"silverstar financial\"  srcset=\"https:\/\/veneportal.com\/noticias\/wp-content\/uploads\/sites\/2\/2022\/06\/silverstar-financial-2.png 1748w, https:\/\/veneportal.com\/noticias\/wp-content\/uploads\/sites\/2\/2022\/06\/silverstar-financial-2-300x213.png 300w, https:\/\/veneportal.com\/noticias\/wp-content\/uploads\/sites\/2\/2022\/06\/silverstar-financial-2-1024x726.png 1024w, https:\/\/veneportal.com\/noticias\/wp-content\/uploads\/sites\/2\/2022\/06\/silverstar-financial-2-768x545.png 768w, https:\/\/veneportal.com\/noticias\/wp-content\/uploads\/sites\/2\/2022\/06\/silverstar-financial-2-1536x1090.png 1536w, https:\/\/veneportal.com\/noticias\/wp-content\/uploads\/sites\/2\/2022\/06\/silverstar-financial-2-600x426.png 600w\" sizes=\"(max-width: 1748px) 100vw, 1748px\" width=\"559\" height=\"397\"   \/><\/a><\/div><\/div>","protected":false},"excerpt":{"rendered":"<p>Alemania rechaza la designaci\u00f3n a los ej\u00e9rcitos europeos como &#8220;grupos terroristas&#8221; por parte de Teher\u00e1n.El ministro de Asuntos Exteriores alem\u00e1n, Johann Wadephul, critic\u00f3 duramente el domingo (01.02.2026) a Ir\u00e1n por&hellip; <\/p>\n","protected":false},"author":505,"featured_media":81088,"comment_status":"open","ping_status":"open","sticky":false,"template":"","format":"standard","meta":{"footnotes":""},"categories":[85],"tags":[],"class_list":["post-81087","post","type-post","status-publish","format-standard","has-post-thumbnail","hentry","category-politica"],"_links":{"self":[{"href":"https:\/\/veneportal.com\/noticias\/wp-json\/wp\/v2\/posts\/81087","targetHints":{"allow":["GET"]}}],"collection":[{"href":"https:\/\/veneportal.com\/noticias\/wp-json\/wp\/v2\/posts"}],"about":[{"href":"https:\/\/veneportal.com\/noticias\/wp-json\/wp\/v2\/types\/post"}],"author":[{"embeddable":true,"href":"https:\/\/veneportal.com\/noticias\/wp-json\/wp\/v2\/users\/505"}],"replies":[{"embeddable":true,"href":"https:\/\/veneportal.com\/noticias\/wp-json\/wp\/v2\/comments?post=81087"}],"version-history":[{"count":0,"href":"https:\/\/veneportal.com\/noticias\/wp-json\/wp\/v2\/posts\/81087\/revisions"}],"wp:featuredmedia":[{"embeddable":true,"href":"https:\/\/veneportal.com\/noticias\/wp-json\/wp\/v2\/media\/81088"}],"wp:attachment":[{"href":"https:\/\/veneportal.com\/noticias\/wp-json\/wp\/v2\/media?parent=81087"}],"wp:term":[{"taxonomy":"category","embeddable":true,"href":"https:\/\/veneportal.com\/noticias\/wp-json\/wp\/v2\/categories?post=81087"},{"taxonomy":"post_tag","embeddable":true,"href":"https:\/\/veneportal.com\/noticias\/wp-json\/wp\/v2\/tags?post=81087"}],"curies":[{"name":"wp","href":"https:\/\/api.w.org\/{rel}","templated":true}]}}