{"id":8036,"date":"2021-11-28T04:15:39","date_gmt":"2021-11-28T09:15:39","guid":{"rendered":"https:\/\/veneportal.com\/noticias\/2021\/11\/28\/manifestantes-piden-en-lima-destitucion-de-pedro-castillo-2\/"},"modified":"2021-11-28T04:15:39","modified_gmt":"2021-11-28T09:15:39","slug":"manifestantes-piden-en-lima-destitucion-de-pedro-castillo-2","status":"publish","type":"post","link":"https:\/\/veneportal.com\/noticias\/2021\/11\/28\/manifestantes-piden-en-lima-destitucion-de-pedro-castillo-2\/","title":{"rendered":"Manifestantes piden en Lima destituci\u00f3n de Pedro Castillo"},"content":{"rendered":"<p>El Congreso de Per\u00fa tiene previsto discutir la admisi\u00f3n a debate del pedido de vacancia del mandatario, el 7 de diciembre.Cientos de manifestantes antigubernamentales instaron este s\u00e1bado (27.11.2021) al Congreso de Per\u00fa, dominado por la oposici\u00f3n derechista, a que destituya al presidente izquierdista Pedro Castillo, de cara a realizar nuevas elecciones, durante una marcha convocada en Lima. <\/p>\n<p>Bajo la consigna &#8220;\u00a1Vacancia y Nuevas Elecciones!&#8221;, la marcha busca presionar al parlamento a votar a favor de la admisi\u00f3n a debate de una moci\u00f3n presentada el jueves que puede derivar en la destituci\u00f3n del presidente apelando a un mecanismo constitucional. <\/p>\n<p>&#8220;Democracia o comunismo&#8221; se le\u00eda en una de las banderolas de los manifestantes, arenga que refleja, seg\u00fan ellos, el dilema que Per\u00fa enfrenta si Castillo sigue en el poder hasta cumplir su mandato en 2026.<\/p>\n<p>Parte de los asistentes vest\u00eda remeras de la selecci\u00f3n peruana de f\u00fatbol y otros unas de color celeste con la inscripci\u00f3n Renovaci\u00f3n Popular, el partido ultraconservador organizador de la protesta.<\/p>\n<p>Un grupo de choque ultraderechista, provisto de palos y escudos de madera, protagoniz\u00f3 una gresca con la polic\u00eda en su intento de llegar hasta el Palacio Presidencial.  <\/p>\n<p>La manifestaci\u00f3n m\u00e1s concurrida contra Castillo<\/p>\n<p>La marcha lleg\u00f3 a ocupar al menos cinco cuadras compactas en su recorrido por avenidas de Lima y ha sido una de las m\u00e1s nutridas realizadas en la capital peruana a favor de la remoci\u00f3n de Castillo desde que estas se iniciaron hace cuatro meses.<\/p>\n<p>El Congreso tiene previsto discutir la admisi\u00f3n a debate del pedido de destituci\u00f3n el 7 de diciembre.<\/p>\n<p>Pero la admisi\u00f3n por el pleno del parlamento no est\u00e1 garantizada, pues este paso requiere el 40% de votos a favor entre los legisladores asistentes. Y para remover a un presidente se necesitan los votos de al menos 87 de los 130 congresistas.<\/p>\n<p>La moci\u00f3n fue firmada por parlamentarios de Avanza Pa\u00eds, Fuerza Popular y Renovaci\u00f3n Popular, que representan un tercio del Parlamento con 43 votos. Se alega &#8220;incapacidad moral&#8221; del presidente para ejercer sus funciones.<\/p>\n<p>La vicepresidenta Dina Boluarte calific\u00f3 de &#8220;golpe de Estado desde el Congreso&#8221; la iniciativa.<\/p>\n<p>Castillo es objeto de cr\u00edticas que le acusan de falta de rumbo y se\u00f1alan sus constantes crisis ministeriales. En 120 d\u00edas de gesti\u00f3n ha cambiado a una docena de ministros y enfrenta divisiones en la coalici\u00f3n que lo respalda.<\/p>\n<p>La desaprobaci\u00f3n a su gesti\u00f3n lleg\u00f3 a 57%, seg\u00fan un sondeo de Ipsos difundido el 14 de noviembre.<\/p>\n<p>La victoria de Castillo levant\u00f3 temores en parte de los peruanos de un giro brusco hacia el socialismo tras d\u00e9cadas de pol\u00edticas liberales.<\/p>\n<p>jc (afp, El Comercio, Diario Correo)<\/p>\n<div class=\"venep-after-content venep-entity-placement\" id=\"venep-321305706\"><div id=\"venep-3018637040\"><script async src=\"https:\/\/pagead2.googlesyndication.com\/pagead\/js\/adsbygoogle.js?client=ca-pub-5862940809620110\"\r\n     crossorigin=\"anonymous\"><\/script>\r\n<ins class=\"adsbygoogle\"\r\n     style=\"display:block\"\r\n     data-ad-format=\"fluid\"\r\n     data-ad-layout-key=\"-6t+ed+2i-1n-4w\"\r\n     data-ad-client=\"ca-pub-5862940809620110\"\r\n     data-ad-slot=\"7946604715\"><\/ins>\r\n<script>\r\n     (adsbygoogle = window.adsbygoogle || []).push({});\r\n<\/script><\/div><\/div>","protected":false},"excerpt":{"rendered":"<p>El Congreso de Per\u00fa tiene previsto discutir la admisi\u00f3n a debate del pedido de vacancia del mandatario, el 7 de diciembre.Cientos de manifestantes antigubernamentales instaron este s\u00e1bado (27.11.2021) al Congreso&hellip; <\/p>\n","protected":false},"author":505,"featured_media":7961,"comment_status":"open","ping_status":"open","sticky":false,"template":"","format":"standard","meta":{"footnotes":""},"categories":[84],"tags":[],"class_list":["post-8036","post","type-post","status-publish","format-standard","has-post-thumbnail","hentry","category-america-latina"],"_links":{"self":[{"href":"https:\/\/veneportal.com\/noticias\/wp-json\/wp\/v2\/posts\/8036","targetHints":{"allow":["GET"]}}],"collection":[{"href":"https:\/\/veneportal.com\/noticias\/wp-json\/wp\/v2\/posts"}],"about":[{"href":"https:\/\/veneportal.com\/noticias\/wp-json\/wp\/v2\/types\/post"}],"author":[{"embeddable":true,"href":"https:\/\/veneportal.com\/noticias\/wp-json\/wp\/v2\/users\/505"}],"replies":[{"embeddable":true,"href":"https:\/\/veneportal.com\/noticias\/wp-json\/wp\/v2\/comments?post=8036"}],"version-history":[{"count":0,"href":"https:\/\/veneportal.com\/noticias\/wp-json\/wp\/v2\/posts\/8036\/revisions"}],"wp:featuredmedia":[{"embeddable":true,"href":"https:\/\/veneportal.com\/noticias\/wp-json\/wp\/v2\/media\/7961"}],"wp:attachment":[{"href":"https:\/\/veneportal.com\/noticias\/wp-json\/wp\/v2\/media?parent=8036"}],"wp:term":[{"taxonomy":"category","embeddable":true,"href":"https:\/\/veneportal.com\/noticias\/wp-json\/wp\/v2\/categories?post=8036"},{"taxonomy":"post_tag","embeddable":true,"href":"https:\/\/veneportal.com\/noticias\/wp-json\/wp\/v2\/tags?post=8036"}],"curies":[{"name":"wp","href":"https:\/\/api.w.org\/{rel}","templated":true}]}}