{"id":8035,"date":"2021-11-28T04:15:39","date_gmt":"2021-11-28T09:15:39","guid":{"rendered":"https:\/\/veneportal.com\/noticias\/2021\/11\/28\/en-venezuela-hay-251-presos-politicos-denuncia-foro-penal-2\/"},"modified":"2021-11-28T04:15:39","modified_gmt":"2021-11-28T09:15:39","slug":"en-venezuela-hay-251-presos-politicos-denuncia-foro-penal-2","status":"publish","type":"post","link":"https:\/\/veneportal.com\/noticias\/2021\/11\/28\/en-venezuela-hay-251-presos-politicos-denuncia-foro-penal-2\/","title":{"rendered":"En Venezuela hay 251 &#8220;presos pol\u00edticos&#8221;, denuncia Foro Penal"},"content":{"rendered":"<p>Seg\u00fan la ONG, adem\u00e1s de los opositores pol\u00edticos encarcelados, hay m\u00e1s de 9.000 venezolanos que siguen &#8220;sujetos, arbitrariamente, a medidas restrictivas de su libertad&#8221;.La ONG Foro Penal inform\u00f3 el s\u00e1bado (27.11.2021) que hasta el 22 de noviembre contabiliz\u00f3 251 personas privadas de libertad a las que considera &#8220;presos pol\u00edticos&#8221;, uno menos que en su \u00faltimo informe publicado el pasado 16 de noviembre.<\/p>\n<p>La organizaci\u00f3n expuso el balance a trav\u00e9s de su cuenta en Twitter y detall\u00f3 que, de los 251 detenidos contabilizados, 236 son hombres y 15 son mujeres, de los cuales uno es menor de edad. Adem\u00e1s, precis\u00f3 que 119 de los &#8220;presos pol\u00edticos&#8221; son civiles y 132 militares.<\/p>\n<p>&#8220;Desde 2014, se han registrado 15.749 detenciones pol\u00edticas en Venezuela&#8221;, explic\u00f3 el Foro Penal, que ha asistido a &#8220;m\u00e1s de 12.000 detenidos&#8221;, ya excarcelados, y a otras presuntas v\u00edctimas de violaciones de derechos humanos, seg\u00fan indic\u00f3.<\/p>\n<p>La organizaci\u00f3n insisti\u00f3 en que, adem\u00e1s de los &#8220;presos pol\u00edticos&#8221; contabilizados, hay &#8220;m\u00e1s de 9.000 personas&#8221; en Venezuela que siguen &#8220;sujetas, arbitrariamente, a medidas restrictivas de su libertad&#8221;.<\/p>\n<p>Alfredo Romero, director de esta ONG dedicada a la defensa de los llamados &#8220;presos pol\u00edticos&#8221;, alz\u00f3 la voz a prop\u00f3sito de la detenci\u00f3n de Omar Fern\u00e1ndez, alcalde opositor electo en los comicios locales del pasado domingo en Venezuela para dirigir el municipio Arzobispo Chac\u00f3n, del estado M\u00e9rida.<\/p>\n<p>Despu\u00e9s de su liberaci\u00f3n, tras m\u00e1s de ocho horas de detenci\u00f3n, Romero asegur\u00f3 que el opositor y su equipo fueron arrestados &#8220;arbitrariamente con fines pol\u00edticos&#8221;. Hasta el momento no est\u00e1n claras las razones del arresto del pol\u00edtico meride\u00f1o.<\/p>\n<p>gs (efe, El Carabobe\u00f1o)<\/p>\n<div class=\"venep-after-content venep-entity-placement\" id=\"venep-1319663219\"><div id=\"venep-3543240582\"><script async src=\"https:\/\/pagead2.googlesyndication.com\/pagead\/js\/adsbygoogle.js?client=ca-pub-5862940809620110\"\r\n     crossorigin=\"anonymous\"><\/script>\r\n<ins class=\"adsbygoogle\"\r\n     style=\"display:block\"\r\n     data-ad-format=\"fluid\"\r\n     data-ad-layout-key=\"-6t+ed+2i-1n-4w\"\r\n     data-ad-client=\"ca-pub-5862940809620110\"\r\n     data-ad-slot=\"7946604715\"><\/ins>\r\n<script>\r\n     (adsbygoogle = window.adsbygoogle || []).push({});\r\n<\/script><\/div><\/div>","protected":false},"excerpt":{"rendered":"<p>Seg\u00fan la ONG, adem\u00e1s de los opositores pol\u00edticos encarcelados, hay m\u00e1s de 9.000 venezolanos que siguen &#8220;sujetos, arbitrariamente, a medidas restrictivas de su libertad&#8221;.La ONG Foro Penal inform\u00f3 el s\u00e1bado&hellip; <\/p>\n","protected":false},"author":505,"featured_media":7970,"comment_status":"open","ping_status":"open","sticky":false,"template":"","format":"standard","meta":{"footnotes":""},"categories":[84],"tags":[],"class_list":["post-8035","post","type-post","status-publish","format-standard","has-post-thumbnail","hentry","category-america-latina"],"_links":{"self":[{"href":"https:\/\/veneportal.com\/noticias\/wp-json\/wp\/v2\/posts\/8035","targetHints":{"allow":["GET"]}}],"collection":[{"href":"https:\/\/veneportal.com\/noticias\/wp-json\/wp\/v2\/posts"}],"about":[{"href":"https:\/\/veneportal.com\/noticias\/wp-json\/wp\/v2\/types\/post"}],"author":[{"embeddable":true,"href":"https:\/\/veneportal.com\/noticias\/wp-json\/wp\/v2\/users\/505"}],"replies":[{"embeddable":true,"href":"https:\/\/veneportal.com\/noticias\/wp-json\/wp\/v2\/comments?post=8035"}],"version-history":[{"count":0,"href":"https:\/\/veneportal.com\/noticias\/wp-json\/wp\/v2\/posts\/8035\/revisions"}],"wp:featuredmedia":[{"embeddable":true,"href":"https:\/\/veneportal.com\/noticias\/wp-json\/wp\/v2\/media\/7970"}],"wp:attachment":[{"href":"https:\/\/veneportal.com\/noticias\/wp-json\/wp\/v2\/media?parent=8035"}],"wp:term":[{"taxonomy":"category","embeddable":true,"href":"https:\/\/veneportal.com\/noticias\/wp-json\/wp\/v2\/categories?post=8035"},{"taxonomy":"post_tag","embeddable":true,"href":"https:\/\/veneportal.com\/noticias\/wp-json\/wp\/v2\/tags?post=8035"}],"curies":[{"name":"wp","href":"https:\/\/api.w.org\/{rel}","templated":true}]}}