{"id":78405,"date":"2025-10-03T12:02:04","date_gmt":"2025-10-03T16:02:04","guid":{"rendered":"https:\/\/veneportal.com\/noticias\/2025\/10\/03\/alemania-conmemora-35-anos-de-unidad-con-llamado-a-la-cohesion-nacional\/"},"modified":"2025-10-03T12:02:04","modified_gmt":"2025-10-03T16:02:04","slug":"alemania-conmemora-35-anos-de-unidad-con-llamado-a-la-cohesion-nacional","status":"publish","type":"post","link":"https:\/\/veneportal.com\/noticias\/2025\/10\/03\/alemania-conmemora-35-anos-de-unidad-con-llamado-a-la-cohesion-nacional\/","title":{"rendered":"Alemania conmemora 35 a\u00f1os de unidad con llamado a la cohesi\u00f3n nacional"},"content":{"rendered":"<p>En 1990, los estados de la antigua Alemania Oriental se integraron a la Rep\u00fablica Federal de Alemania, lo que puso fin a la divisi\u00f3n tras la Segunda Guerra Mundial. &#8220;Nuestra diversidad nos hace fuertes&#8221;, afirm\u00f3 Merz.En el marco del 35\u00ba aniversario de la Reunificaci\u00f3n de Alemania, que se celebra este viernes (03.10.2025), el canciller Friedrich Merz hizo un llamado a la unidad en todo el pa\u00eds, a\u00fan marcado por su pasado dividido. &#8220;Sigue siendo nuestra tarea tendernos la mano: en el este, oeste, norte y sur&#8221;, escribi\u00f3 Merz en la red social X, pocas horas antes de pronunciar un discurso central en el estado occidental de Sarre. &#8220;Nuestra diversidad nos hace fuertes&#8221;, afirm\u00f3 el canciller, que tambi\u00e9n subray\u00f3 que la reunificaci\u00f3n no fue un &#8220;\u00e9xito autom\u00e1tico&#8221;, sino &#8220;el trabajo de personas valientes que defendieron la libertad y la democracia&#8221;. El 3 de octubre de 1990, los estados que conformaban la antigua Alemania Oriental se integraron a la Rep\u00fablica Federal de Alemania (nombre oficial de la Alemania Occidental), lo que puso fin a d\u00e9cadas de divisi\u00f3n tras la Segunda Guerra Mundial. La fecha fue instituida como el D\u00eda de la Unidad Alemana, fiesta nacional del pa\u00eds. Sin embargo, a m\u00e1s de tres d\u00e9cadas de la ca\u00edda del Muro de Berl\u00edn, los efectos de la reunificaci\u00f3n siguen siendo objeto de debate. Las diferencias persistentes entre las regiones orientales y occidentales quedaron evidenciadas en las elecciones parlamentarias de febrero, en las que la ultraderecha logr\u00f3 avances significativos en varios estados del este de Alemania. rr dpa\/<\/p>\n<div class=\"venep-after-content venep-entity-placement\" id=\"venep-1709126560\"><div id=\"venep-3715778864\"><a href=\"https:\/\/veneportal.com\/clasificados\/listing\/naiguata-restobar\/\" aria-label=\"naiguata retobar\"><img src=\"https:\/\/veneportal.com\/noticias\/wp-content\/uploads\/sites\/2\/2021\/07\/1.png\" alt=\"naiguata retobar\"  width=\"300\" height=\"250\"   \/><\/a><\/div><\/div>","protected":false},"excerpt":{"rendered":"<p>En 1990, los estados de la antigua Alemania Oriental se integraron a la Rep\u00fablica Federal de Alemania, lo que puso fin a la divisi\u00f3n tras la Segunda Guerra Mundial. &#8220;Nuestra&hellip; <\/p>\n","protected":false},"author":505,"featured_media":78406,"comment_status":"open","ping_status":"open","sticky":false,"template":"","format":"standard","meta":{"footnotes":""},"categories":[85],"tags":[],"class_list":["post-78405","post","type-post","status-publish","format-standard","has-post-thumbnail","hentry","category-politica"],"_links":{"self":[{"href":"https:\/\/veneportal.com\/noticias\/wp-json\/wp\/v2\/posts\/78405","targetHints":{"allow":["GET"]}}],"collection":[{"href":"https:\/\/veneportal.com\/noticias\/wp-json\/wp\/v2\/posts"}],"about":[{"href":"https:\/\/veneportal.com\/noticias\/wp-json\/wp\/v2\/types\/post"}],"author":[{"embeddable":true,"href":"https:\/\/veneportal.com\/noticias\/wp-json\/wp\/v2\/users\/505"}],"replies":[{"embeddable":true,"href":"https:\/\/veneportal.com\/noticias\/wp-json\/wp\/v2\/comments?post=78405"}],"version-history":[{"count":0,"href":"https:\/\/veneportal.com\/noticias\/wp-json\/wp\/v2\/posts\/78405\/revisions"}],"wp:featuredmedia":[{"embeddable":true,"href":"https:\/\/veneportal.com\/noticias\/wp-json\/wp\/v2\/media\/78406"}],"wp:attachment":[{"href":"https:\/\/veneportal.com\/noticias\/wp-json\/wp\/v2\/media?parent=78405"}],"wp:term":[{"taxonomy":"category","embeddable":true,"href":"https:\/\/veneportal.com\/noticias\/wp-json\/wp\/v2\/categories?post=78405"},{"taxonomy":"post_tag","embeddable":true,"href":"https:\/\/veneportal.com\/noticias\/wp-json\/wp\/v2\/tags?post=78405"}],"curies":[{"name":"wp","href":"https:\/\/api.w.org\/{rel}","templated":true}]}}