{"id":78398,"date":"2025-10-03T00:02:14","date_gmt":"2025-10-03T04:02:14","guid":{"rendered":"https:\/\/veneportal.com\/noticias\/2025\/10\/03\/alemania-justicia-dicta-prision-contra-presuntos-miembros-de-hamas\/"},"modified":"2025-10-03T00:02:32","modified_gmt":"2025-10-03T04:02:32","slug":"alemania-justicia-dicta-prision-contra-presuntos-miembros-de-hamas","status":"publish","type":"post","link":"https:\/\/veneportal.com\/noticias\/2025\/10\/03\/alemania-justicia-dicta-prision-contra-presuntos-miembros-de-hamas\/","title":{"rendered":"Alemania: Justicia dicta prisi\u00f3n contra presuntos miembros de Ham\u00e1s"},"content":{"rendered":"<p>Dos de los detenidos son de nacionalidad alemana y se les investiga por preparar atentados contra jud\u00edos e israel\u00edes en el pa\u00eds europeo.El Tribunal Supremo (TS) de Alemania dict\u00f3 este jueves (02.10.2025), a solicitud de la Fiscal\u00eda, la orden de prisi\u00f3n preventiva contra tres presuntos miembros de Ham\u00e1s, organizaci\u00f3n considerada terrorista por Estados Unidos y la Uni\u00f3n Europea, que hab\u00edan sido detenidos un d\u00eda antes en Berl\u00edn. Los detenidos son identificados por la Fiscal\u00eda en un comunicado como Abed Al G; Wael F. M; y Ahmad I. El primero y el \u00faltimo tienen nacionalidad alemana y se les imputa pertenencia a banda armada y preparaci\u00f3n de atentados contra objetivos jud\u00edos e israel\u00edes en Alemania. Durante la detenci\u00f3n fueron incautadas varias pistolas, un fusil, munici\u00f3n, tel\u00e9fonos m\u00f3viles, material inform\u00e1tico y dinero en efectivo. Paralelamente a la detenci\u00f3n se realizaron requisas en Leipzig (este de Alemania) donde estaba empadronado uno de los tres sospechosos y en el domicilio de un cuarto posible implicado, que est\u00e1 en prisi\u00f3n en Dinamarca, en Oberhausen (oeste de Alemania). La Fiscal\u00eda no ha precisado qu\u00e9 posibles objetivos concretos barajaban los tres hombres para perpetrar los ataques. Ham\u00e1s niega posible v\u00ednculo Ham\u00e1s ha negado tener relaci\u00f3n alguna con las tres personas detenidas, argumentando que &#8220;las acusaciones de sospecha sobre la relaci\u00f3n de los detenidos con el movimiento Ham\u00e1s carecen de fundamento y buscan da\u00f1ar a Ham\u00e1s, y confundir la simpat\u00eda del pueblo alem\u00e1n hacia nuestro pueblo palestino&#8221;. Ham\u00e1s a\u00f1ade en el comunicado hecho p\u00fablico que &#8220;su pol\u00edtica ha sido y sigue siendo limitar su lucha contra la ocupaci\u00f3n sionista \u00fanicamente en Palestina&#8221;. (mn\/efe, afp)<\/p>\n<div class=\"venep-after-content venep-entity-placement\" id=\"venep-2327778350\"><div id=\"venep-1011192147\"><script async src=\"https:\/\/pagead2.googlesyndication.com\/pagead\/js\/adsbygoogle.js?client=ca-pub-5862940809620110\"\r\n     crossorigin=\"anonymous\"><\/script>\r\n<ins class=\"adsbygoogle\"\r\n     style=\"display:block\"\r\n     data-ad-format=\"fluid\"\r\n     data-ad-layout-key=\"-6t+ed+2i-1n-4w\"\r\n     data-ad-client=\"ca-pub-5862940809620110\"\r\n     data-ad-slot=\"7946604715\"><\/ins>\r\n<script>\r\n     (adsbygoogle = window.adsbygoogle || []).push({});\r\n<\/script><\/div><\/div>","protected":false},"excerpt":{"rendered":"<p>Dos de los detenidos son de nacionalidad alemana y se les investiga por preparar atentados contra jud\u00edos e israel\u00edes en el pa\u00eds europeo.El Tribunal Supremo (TS) de Alemania dict\u00f3 este&hellip; <\/p>\n","protected":false},"author":505,"featured_media":77625,"comment_status":"open","ping_status":"open","sticky":false,"template":"","format":"standard","meta":{"footnotes":""},"categories":[85],"tags":[],"class_list":["post-78398","post","type-post","status-publish","format-standard","has-post-thumbnail","hentry","category-politica"],"_links":{"self":[{"href":"https:\/\/veneportal.com\/noticias\/wp-json\/wp\/v2\/posts\/78398","targetHints":{"allow":["GET"]}}],"collection":[{"href":"https:\/\/veneportal.com\/noticias\/wp-json\/wp\/v2\/posts"}],"about":[{"href":"https:\/\/veneportal.com\/noticias\/wp-json\/wp\/v2\/types\/post"}],"author":[{"embeddable":true,"href":"https:\/\/veneportal.com\/noticias\/wp-json\/wp\/v2\/users\/505"}],"replies":[{"embeddable":true,"href":"https:\/\/veneportal.com\/noticias\/wp-json\/wp\/v2\/comments?post=78398"}],"version-history":[{"count":0,"href":"https:\/\/veneportal.com\/noticias\/wp-json\/wp\/v2\/posts\/78398\/revisions"}],"wp:featuredmedia":[{"embeddable":true,"href":"https:\/\/veneportal.com\/noticias\/wp-json\/wp\/v2\/media\/77625"}],"wp:attachment":[{"href":"https:\/\/veneportal.com\/noticias\/wp-json\/wp\/v2\/media?parent=78398"}],"wp:term":[{"taxonomy":"category","embeddable":true,"href":"https:\/\/veneportal.com\/noticias\/wp-json\/wp\/v2\/categories?post=78398"},{"taxonomy":"post_tag","embeddable":true,"href":"https:\/\/veneportal.com\/noticias\/wp-json\/wp\/v2\/tags?post=78398"}],"curies":[{"name":"wp","href":"https:\/\/api.w.org\/{rel}","templated":true}]}}