{"id":78393,"date":"2025-10-03T00:02:14","date_gmt":"2025-10-03T04:02:14","guid":{"rendered":"https:\/\/veneportal.com\/noticias\/2025\/10\/03\/lo-que-significa-el-7-de-octubre-para-los-judios-en-alemania\/"},"modified":"2025-10-03T00:02:28","modified_gmt":"2025-10-03T04:02:28","slug":"lo-que-significa-el-7-de-octubre-para-los-judios-en-alemania","status":"publish","type":"post","link":"https:\/\/veneportal.com\/noticias\/2025\/10\/03\/lo-que-significa-el-7-de-octubre-para-los-judios-en-alemania\/","title":{"rendered":"Lo que significa el 7 de octubre para los jud\u00edos en Alemania"},"content":{"rendered":"<p>El trauma del 7 de octubre de 2023 ensombrece la vida jud\u00eda en Alemania. Un estudio examina c\u00f3mo la exclusi\u00f3n y el antisemitismo afectan a las personas.&#8221;No se puede caminar por nuestro barrio sin pasar por delante de grafitis antisemitas&#8221;, relata de forma an\u00f3nima una mujer jud\u00eda que vive en Alemania. Para ella, el odio a los jud\u00edos se ha convertido en parte de la vida cotidiana desde el 7 de octubre de 2023: &#8220;Me doy cuenta de que realmente me ando preguntando c\u00f3mo va seguir todo esto&#8221;. La breve narraci\u00f3n pertenece a una de las muchas voces que han participado en un nuevo &#8220;estudio sobre los efectos del ataque terrorista del 7 de octubre de 2023 en las comunidades jud\u00edas e israel\u00edes en Alemania&#8221;. En \u00e9l, los afectados relatan experiencias del d\u00eda a d\u00eda, pero tambi\u00e9n las consecuencias psicol\u00f3gicas: depresi\u00f3n, trastornos del sue\u00f1o, ansiedad y ataques de p\u00e1nico. Es la vida jud\u00eda en Alemania en el segundo a\u00f1o despu\u00e9s del masivo ataque terrorista contra Israel. En la masacre perpetrada por Ham\u00e1s y otros grupos extremistas en Israel, murieron alrededor de 1.200 personas y miles resultaron heridas. Unas 250 personas fueron secuestradas como rehenes y llevadas a la Franja de Gaza. Esto dio lugar a una guerra en la que, hasta ahora, han muerto decenas de miles de palestinos debido a los ataques de Israel y muchos m\u00e1s han resultado heridos. Exclusi\u00f3n y miedos en Alemania El estudio se centra en la exclusi\u00f3n, las amenazas y los miedos en la vida cotidiana en Alemania. Los encuestados describen experiencias en el transporte p\u00fablico, la vida laboral, la escuela y la universidad, e incluso las visitas a consultas m\u00e9dicas, en las que los doctores quieren hablar sobre la guerra de Gaza. En muchos casos, se han sentido abandonados. El trabajo revela una &#8220;falta de empat\u00eda colectivamente experimentada&#8221;, que atraviesa numerosos \u00e1mbitos de la vida. Falta de empat\u00eda por el sufrimiento de los jud\u00edos por parte de familiares no jud\u00edos, de amistades de larga data y de vecinos y vecinas. La sensaci\u00f3n de que no existe empat\u00eda se da incluso en &#8220;citas y relaciones amorosas&#8221;. Diversas instituciones en Alemania, tanto del lado de las fuerzas de seguridad como de la sociedad civil, han estado registrando durante alg\u00fan tiempo el n\u00famero de incidentes antisemitas producidos desde el 7 de octubre de 2023. El resultado claro es que, desde esa fecha, han aumentado y se mantienen a un nivel alto. Se se\u00f1ala, adem\u00e1s, que cada vez m\u00e1s instituciones jud\u00edas en Alemania est\u00e1n bajo protecci\u00f3n policial. Antisemitismo en la vida cotidiana Lo novedoso del estudio ahora presentado es la profundizaci\u00f3n en las consecuencias. Con frecuencia, implican pasos hacia atr\u00e1s. Por ejemplo, la gente oculta su identidad jud\u00eda o se a\u00edsla completamente. Las autoras del estudio son la psic\u00f3loga berlinesa Marina Chernivsky, directora del Centro de Competencia para la Educaci\u00f3n y la Investigaci\u00f3n Cr\u00edtica del Antisemitismo, y Friederike Lorenz-Sinai, profesora de investigaci\u00f3n en Trabajo Social en la Universidad de Ciencias Aplicadas de Potsdam. Ambas comenzaron a buscar interlocutores poco despu\u00e9s del ataque terrorista de Ham\u00e1s y, seg\u00fan sus propias declaraciones, esperaban poder hablar con unos 30 participantes. Buscaron mediante anuncios en varios idiomas (alem\u00e1n, ingl\u00e9s, ruso, hebreo) en ciudades alemanas, as\u00ed como publicaciones en las redes sociales. Finalmente, se presentaron muchas m\u00e1s personas de las esperadas. Hasta ahora, 111 mujeres y hombres han participado en entrevistas o conversaciones grupales. En total, seg\u00fan las autoras, se observa que el 7 de octubre fue experimentado por los participantes del estudio como una &#8220;experiencia fuertemente abrumadora&#8221; y una ruptura hist\u00f3rica. Mujeres y hombres jud\u00edos perciben en otros una &#8220;relativizaci\u00f3n, legitimaci\u00f3n y glorificaci\u00f3n de la violencia genocida del 7 de octubre&#8221;. Para ellos mismos, hay un antes y un despu\u00e9s de ese s\u00e1bado de octubre de 2023. El estudio muestra &#8220;cu\u00e1nto influye el antisemitismo en la vida cotidiana de los jud\u00edos y las jud\u00edas&#8221;. &#8220;Son insultados, amenazados, discriminados y viven en constante estado de alerta&#8221;, dijo Ferda Ataman, comisionada independiente del Gobierno para la Antidiscriminaci\u00f3n, durante la presentaci\u00f3n en Berl\u00edn, que ha apoyado la elaboraci\u00f3n del trabajo. Mejor legislaci\u00f3n antidiscriminaci\u00f3n Seg\u00fan Ataman, los jud\u00edos y jud\u00edas deben sentir &#8220;que el Estado de derecho est\u00e1 ah\u00ed para ellos&#8221;. Por lo tanto, se necesita una persecuci\u00f3n penal consistente y una mejor protecci\u00f3n contra la discriminaci\u00f3n en la vida cotidiana. En concreto, mencion\u00f3 &#8220;una mejor legislaci\u00f3n antidiscriminaci\u00f3n que funcione frente al antisemitismo&#8221;. La ley vigente desde 2006 protege, por ejemplo, solo de manera limitada a los ciudadanos israel\u00edes en Alemania frente a la discriminaci\u00f3n. Varios encuestados subrayaron, seg\u00fan el estudio, haberse enfrentado a la exclusi\u00f3n o a la &#8220;demonizaci\u00f3n unilateral de Israel&#8221; poco despu\u00e9s del 7 de octubre de 2023. Por otro lado, hay personas que tambi\u00e9n han tenido experiencias positivas. As\u00ed lo explica una trabajadora jud\u00eda, que relata que sus colegas musulmanes le escribieron para mostrarle solidaridad y apoyo. Es uno de los pocos pasajes en el estudio de unas 110 p\u00e1ginas donde se menciona la experiencia de solidaridad proveniente de la sociedad mayoritaria no jud\u00eda. El presidente del Consejo Central de los Jud\u00edos en Alemania, Josef Schuster, aludi\u00f3 a la &#8220;deprimente imagen&#8221; que revela el estudio, &#8220;que, sin embargo, no sorprende a los jud\u00edos&#8221;. Se trata de experiencias de antisemitismo &#8220;cotidianas&#8221; y de una &#8220;dram\u00e1tica intensificaci\u00f3n&#8221;. &#8220;Esconder la propia identidad&#8221; Los jud\u00edos en Alemania est\u00e1n cada vez m\u00e1s excluidos de una participaci\u00f3n social equitativa y, por autoprotecci\u00f3n, deben &#8220;ocultar su propia identidad con m\u00e1s frecuencia&#8221;. Las cient\u00edficas quieren continuar el trabajo. El informe final del estudio, previsto para 2026, ahondar\u00e1 en las experiencias y preocupaciones de los ni\u00f1os y adolescentes. Adem\u00e1s, se tratar\u00e1n las perspectivas futuras de las comunidades jud\u00edas e israel\u00edes en Alemania. (ms\/cp)<\/p>\n<div class=\"venep-after-content venep-entity-placement\" id=\"venep-2611016176\"><div id=\"venep-4139918097\"><script async src=\"https:\/\/pagead2.googlesyndication.com\/pagead\/js\/adsbygoogle.js?client=ca-pub-5862940809620110\"\r\n     crossorigin=\"anonymous\"><\/script>\r\n<ins class=\"adsbygoogle\"\r\n     style=\"display:block\"\r\n     data-ad-format=\"fluid\"\r\n     data-ad-layout-key=\"-6t+ed+2i-1n-4w\"\r\n     data-ad-client=\"ca-pub-5862940809620110\"\r\n     data-ad-slot=\"7946604715\"><\/ins>\r\n<script>\r\n     (adsbygoogle = window.adsbygoogle || []).push({});\r\n<\/script><\/div><\/div>","protected":false},"excerpt":{"rendered":"<p>El trauma del 7 de octubre de 2023 ensombrece la vida jud\u00eda en Alemania. Un estudio examina c\u00f3mo la exclusi\u00f3n y el antisemitismo afectan a las personas.&#8221;No se puede caminar&hellip; <\/p>\n","protected":false},"author":505,"featured_media":78394,"comment_status":"open","ping_status":"open","sticky":false,"template":"","format":"standard","meta":{"footnotes":""},"categories":[85],"tags":[],"class_list":["post-78393","post","type-post","status-publish","format-standard","has-post-thumbnail","hentry","category-politica"],"_links":{"self":[{"href":"https:\/\/veneportal.com\/noticias\/wp-json\/wp\/v2\/posts\/78393","targetHints":{"allow":["GET"]}}],"collection":[{"href":"https:\/\/veneportal.com\/noticias\/wp-json\/wp\/v2\/posts"}],"about":[{"href":"https:\/\/veneportal.com\/noticias\/wp-json\/wp\/v2\/types\/post"}],"author":[{"embeddable":true,"href":"https:\/\/veneportal.com\/noticias\/wp-json\/wp\/v2\/users\/505"}],"replies":[{"embeddable":true,"href":"https:\/\/veneportal.com\/noticias\/wp-json\/wp\/v2\/comments?post=78393"}],"version-history":[{"count":0,"href":"https:\/\/veneportal.com\/noticias\/wp-json\/wp\/v2\/posts\/78393\/revisions"}],"wp:featuredmedia":[{"embeddable":true,"href":"https:\/\/veneportal.com\/noticias\/wp-json\/wp\/v2\/media\/78394"}],"wp:attachment":[{"href":"https:\/\/veneportal.com\/noticias\/wp-json\/wp\/v2\/media?parent=78393"}],"wp:term":[{"taxonomy":"category","embeddable":true,"href":"https:\/\/veneportal.com\/noticias\/wp-json\/wp\/v2\/categories?post=78393"},{"taxonomy":"post_tag","embeddable":true,"href":"https:\/\/veneportal.com\/noticias\/wp-json\/wp\/v2\/tags?post=78393"}],"curies":[{"name":"wp","href":"https:\/\/api.w.org\/{rel}","templated":true}]}}