{"id":76728,"date":"2025-08-03T00:02:06","date_gmt":"2025-08-03T04:02:06","guid":{"rendered":"https:\/\/veneportal.com\/noticias\/2025\/08\/03\/leon-xiv-celebra-el-jubileo-con-cientos-de-miles-de-jovenes\/"},"modified":"2025-08-03T00:02:06","modified_gmt":"2025-08-03T04:02:06","slug":"leon-xiv-celebra-el-jubileo-con-cientos-de-miles-de-jovenes","status":"publish","type":"post","link":"https:\/\/veneportal.com\/noticias\/2025\/08\/03\/leon-xiv-celebra-el-jubileo-con-cientos-de-miles-de-jovenes\/","title":{"rendered":"Le\u00f3n XIV celebra el Jubileo con cientos de miles de j\u00f3venes"},"content":{"rendered":"<p>El pont\u00edfice se desplaz\u00f3 a la explanada de Tor Vergata, en la periferia de Roma, para presidir una vigilia de oraci\u00f3n.El papa Le\u00f3n XIV presidi\u00f3 este s\u00e1bado (02.08.2025) en la periferia de Roma, el acto m\u00e1s multitudinario de su a\u00fan breve pontificado, el Jubileo de los J\u00f3venes, con cientos de miles de peregrinos de numerosos pa\u00edses a las que emplaz\u00f3 a &#8220;construir un mundo m\u00e1s humano&#8221; y justo. El pont\u00edfice se desplaz\u00f3 a la explanada de Tor Vergata, para presidir una vigilia de oraci\u00f3n con miles de chicos y chicas llegados de 146 pa\u00edses de todos los continentes para participar en el esperado Jubileo de los J\u00f3venes. Tras bajar del helic\u00f3ptero militar blanco, Le\u00f3n XIV, sonriente, salud\u00f3 a la multitud, que hab\u00eda pasado el d\u00eda bajo un sol abrasador, escuchando m\u00fasica, orando y conversando. Despu\u00e9s recorri\u00f3 todo el lugar a bordo del papam\u00f3vil, saludando y bendiciendo a los muchos j\u00f3venes que le esperaban con emoci\u00f3n, algunos de ellos llegando incluso a acompa\u00f1ar corriendo a la comitiva pontificia. Luego tom\u00f3 la cruz del Jubileo en sus manos y encabez\u00f3 a pie una procesi\u00f3n con decenas de muchachos hasta el escenario en el que presidi\u00f3 el acto donde emplaz\u00f3 a los miles de j\u00f3venes que le escuchaban a &#8220;buscar la justicia para construir un mundo m\u00e1s humano&#8221;. Durante el acto, el pont\u00edfice tambi\u00e9n record\u00f3 a los j\u00f3venes que no han podido participar en este multitudinario Jubileo por haber muerto antes de que arrancara. Desde el escenario cit\u00f3 a la espa\u00f1ola Mar\u00eda Cobo, de 20 a\u00f1os, y a la egipcia Pascale Rafic, de 18, fallecida la pasada noche por un fallo card\u00edaco cuando viajaba en un bus a la parroquia romana de Artena en la que se hospedaba estos d\u00edas. &#8220;Digo esto, esta tarde, pensando en dos chicas. Mar\u00eda, 20 a\u00f1os, espa\u00f1ola, y Pascale, 18 a\u00f1os, egipcia. Ambas hab\u00edan decidido venir a Roma por el Jubileo de los J\u00f3venes y la muerte les ha acogido en estos d\u00edas&#8221;, anunci\u00f3, apesadumbrado, ante una multitud que rompi\u00f3 en un aplauso. La noche en Tor Vergata La larga jornada en Tor Vergata, el mismo escenario de la hist\u00f3rica Jornada Mundial de la Juventud de Juan Pablo II en el 2000, termin\u00f3 con coros de &#8220;papa Le\u00f3n&#8221; desde la multitud, a lo que el pont\u00edfice respondi\u00f3: &#8220;Reposen un poco. La cita es ma\u00f1ana por la ma\u00f1ana para la santa misa. Felicidades a todos y buenas noches&#8221;, para despu\u00e9s saludar personalmente a algunos muchachos. Tras esta vigilia, los j\u00f3venes acampar\u00e1n en la explanada a la espera del broche final, una misa presidida, de nuevo, por Le\u00f3n XIV. De momento se desconoce el n\u00famero exacto de asistentes, pero el Vaticano esperaba un mill\u00f3n de peregrinos. jc (efe, afp)<\/p>\n<div class=\"venep-after-content venep-entity-placement\" id=\"venep-2051562573\"><div id=\"venep-3096650368\"><a href=\"https:\/\/veneportal.com\/clasificados\/listing\/nativoapparel\/\" aria-label=\"nativo apparel\"><img src=\"https:\/\/veneportal.com\/noticias\/wp-content\/uploads\/sites\/2\/2021\/07\/5.png\" alt=\"nativo apparel\"  width=\"300\" height=\"250\"   \/><\/a><\/div><\/div>","protected":false},"excerpt":{"rendered":"<p>El pont\u00edfice se desplaz\u00f3 a la explanada de Tor Vergata, en la periferia de Roma, para presidir una vigilia de oraci\u00f3n.El papa Le\u00f3n XIV presidi\u00f3 este s\u00e1bado (02.08.2025) en la&hellip; <\/p>\n","protected":false},"author":505,"featured_media":76729,"comment_status":"open","ping_status":"open","sticky":false,"template":"","format":"standard","meta":{"footnotes":""},"categories":[85],"tags":[],"class_list":["post-76728","post","type-post","status-publish","format-standard","has-post-thumbnail","hentry","category-politica"],"_links":{"self":[{"href":"https:\/\/veneportal.com\/noticias\/wp-json\/wp\/v2\/posts\/76728","targetHints":{"allow":["GET"]}}],"collection":[{"href":"https:\/\/veneportal.com\/noticias\/wp-json\/wp\/v2\/posts"}],"about":[{"href":"https:\/\/veneportal.com\/noticias\/wp-json\/wp\/v2\/types\/post"}],"author":[{"embeddable":true,"href":"https:\/\/veneportal.com\/noticias\/wp-json\/wp\/v2\/users\/505"}],"replies":[{"embeddable":true,"href":"https:\/\/veneportal.com\/noticias\/wp-json\/wp\/v2\/comments?post=76728"}],"version-history":[{"count":0,"href":"https:\/\/veneportal.com\/noticias\/wp-json\/wp\/v2\/posts\/76728\/revisions"}],"wp:featuredmedia":[{"embeddable":true,"href":"https:\/\/veneportal.com\/noticias\/wp-json\/wp\/v2\/media\/76729"}],"wp:attachment":[{"href":"https:\/\/veneportal.com\/noticias\/wp-json\/wp\/v2\/media?parent=76728"}],"wp:term":[{"taxonomy":"category","embeddable":true,"href":"https:\/\/veneportal.com\/noticias\/wp-json\/wp\/v2\/categories?post=76728"},{"taxonomy":"post_tag","embeddable":true,"href":"https:\/\/veneportal.com\/noticias\/wp-json\/wp\/v2\/tags?post=76728"}],"curies":[{"name":"wp","href":"https:\/\/api.w.org\/{rel}","templated":true}]}}