{"id":76721,"date":"2025-08-02T12:02:06","date_gmt":"2025-08-02T16:02:06","guid":{"rendered":"https:\/\/veneportal.com\/noticias\/2025\/08\/02\/el-papa-espera-a-un-millon-de-jovenes-para-enorme-vigilia-en-roma\/"},"modified":"2025-08-02T12:02:06","modified_gmt":"2025-08-02T16:02:06","slug":"el-papa-espera-a-un-millon-de-jovenes-para-enorme-vigilia-en-roma","status":"publish","type":"post","link":"https:\/\/veneportal.com\/noticias\/2025\/08\/02\/el-papa-espera-a-un-millon-de-jovenes-para-enorme-vigilia-en-roma\/","title":{"rendered":"El papa espera a un mill\u00f3n de j\u00f3venes para enorme vigilia en Roma"},"content":{"rendered":"<p>Le\u00f3n XIV se prepara para su encuentro m\u00e1s multitudinario: esta tarde encabezar\u00e1 una vigilia con j\u00f3venes de todo el mundo en el acto central del Jubileo.El papa Le\u00f3n XIV se desplazar\u00e1 esta tarde de s\u00e1bado (02.08.2025) a Tor Vergata, en las afueras de Roma, para presidir una vigilia con cientos de miles de j\u00f3venes (se espera hasta un mill\u00f3n) procedentes de 146 pa\u00edses, en el acto que el Vaticano considera el &#8220;momento m\u00e1s esperado\u201d del Jubileo, el &#8220;A\u00f1o Santo\u201d de la iglesia cat\u00f3lica. El encuentro representa el evento m\u00e1s multitudinario del breve pontificado de Le\u00f3n XIV hasta la fecha. Desde primera hora de la ma\u00f1ana se ha permitido el acceso al recinto, una amplia campa donde se ubica la rehabilitada &#8216;Vela&#8217; de Santiago Calatrava, que albergar\u00e1 actividades durante dos d\u00edas. Los asistentes podr\u00e1n acampar tras la vigilia, de cara a la misa que el papa celebrar\u00e1 el domingo por la ma\u00f1ana. El acto principal comenzar\u00e1 a las 20:30 hora local, cuando el pont\u00edfice presidir\u00e1 el inicio de la vigilia y responder\u00e1 a tres preguntas de los j\u00f3venes. Durante la tarde, bandas musicales y artistas animar\u00e1n el ambiente desde las 16:00, creando un clima de celebraci\u00f3n. Para acoger a los peregrinos, se ha desplegado un amplio dispositivo log\u00edstico con pantallas gigantes, torres de sonido y un gran altar-escenario de 1.400 metros cuadrados, enmarcado por el arco del Jubileo del a\u00f1o 2000. Espa\u00f1a destaca como uno de los pa\u00edses con mayor representaci\u00f3n, con unos 27.000 participantes, junto a otros miles de j\u00f3venes latinoamericanos. ee (efe, afp)<\/p>\n<div class=\"venep-after-content venep-entity-placement\" id=\"venep-3476768401\"><div id=\"venep-2265223228\"><script async src=\"https:\/\/pagead2.googlesyndication.com\/pagead\/js\/adsbygoogle.js?client=ca-pub-5862940809620110\"\r\n     crossorigin=\"anonymous\"><\/script>\r\n<ins class=\"adsbygoogle\"\r\n     style=\"display:block\"\r\n     data-ad-format=\"fluid\"\r\n     data-ad-layout-key=\"-6t+ed+2i-1n-4w\"\r\n     data-ad-client=\"ca-pub-5862940809620110\"\r\n     data-ad-slot=\"7946604715\"><\/ins>\r\n<script>\r\n     (adsbygoogle = window.adsbygoogle || []).push({});\r\n<\/script><\/div><\/div>","protected":false},"excerpt":{"rendered":"<p>Le\u00f3n XIV se prepara para su encuentro m\u00e1s multitudinario: esta tarde encabezar\u00e1 una vigilia con j\u00f3venes de todo el mundo en el acto central del Jubileo.El papa Le\u00f3n XIV se&hellip; <\/p>\n","protected":false},"author":505,"featured_media":76722,"comment_status":"open","ping_status":"open","sticky":false,"template":"","format":"standard","meta":{"footnotes":""},"categories":[85],"tags":[],"class_list":["post-76721","post","type-post","status-publish","format-standard","has-post-thumbnail","hentry","category-politica"],"_links":{"self":[{"href":"https:\/\/veneportal.com\/noticias\/wp-json\/wp\/v2\/posts\/76721","targetHints":{"allow":["GET"]}}],"collection":[{"href":"https:\/\/veneportal.com\/noticias\/wp-json\/wp\/v2\/posts"}],"about":[{"href":"https:\/\/veneportal.com\/noticias\/wp-json\/wp\/v2\/types\/post"}],"author":[{"embeddable":true,"href":"https:\/\/veneportal.com\/noticias\/wp-json\/wp\/v2\/users\/505"}],"replies":[{"embeddable":true,"href":"https:\/\/veneportal.com\/noticias\/wp-json\/wp\/v2\/comments?post=76721"}],"version-history":[{"count":0,"href":"https:\/\/veneportal.com\/noticias\/wp-json\/wp\/v2\/posts\/76721\/revisions"}],"wp:featuredmedia":[{"embeddable":true,"href":"https:\/\/veneportal.com\/noticias\/wp-json\/wp\/v2\/media\/76722"}],"wp:attachment":[{"href":"https:\/\/veneportal.com\/noticias\/wp-json\/wp\/v2\/media?parent=76721"}],"wp:term":[{"taxonomy":"category","embeddable":true,"href":"https:\/\/veneportal.com\/noticias\/wp-json\/wp\/v2\/categories?post=76721"},{"taxonomy":"post_tag","embeddable":true,"href":"https:\/\/veneportal.com\/noticias\/wp-json\/wp\/v2\/tags?post=76721"}],"curies":[{"name":"wp","href":"https:\/\/api.w.org\/{rel}","templated":true}]}}