{"id":7670,"date":"2021-11-18T00:02:02","date_gmt":"2021-11-18T05:02:02","guid":{"rendered":"https:\/\/veneportal.com\/noticias\/2021\/11\/18\/oficialismo-y-oposicion-de-bolivia-miden-fuerzas-tras-abrogacion-de-ley\/"},"modified":"2021-11-18T00:02:02","modified_gmt":"2021-11-18T05:02:02","slug":"oficialismo-y-oposicion-de-bolivia-miden-fuerzas-tras-abrogacion-de-ley","status":"publish","type":"post","link":"https:\/\/veneportal.com\/noticias\/2021\/11\/18\/oficialismo-y-oposicion-de-bolivia-miden-fuerzas-tras-abrogacion-de-ley\/","title":{"rendered":"Oficialismo y oposici\u00f3n de Bolivia miden fuerzas tras abrogaci\u00f3n de ley"},"content":{"rendered":"<p>En La Paz hubo un intercambio de insultos y algunos golpes hasta que la Polic\u00eda finalmente separ\u00f3 a los grupos de manifestantes.Sectores afines y contrarios al Gobierno de Luis Arce se movilizaron este mi\u00e9rcoles (17.11.2021) en algunas ciudades bolivianas para lanzarse advertencias mutuas tras la abrogaci\u00f3n de una pol\u00e9mica ley que provoc\u00f3 una huelga parcial durante nueve d\u00edas.<\/p>\n<p>En El Alto, la segunda ciudad m\u00e1s poblada y vecina de La Paz, campesinos, obreros y federaciones de vecinos leales al gubernamental Movimiento al Socialismo (MAS) llevaron adelante un multitudinario cabildo o mitin &#8220;en defensa de la democracia&#8221; y del Gobierno de Arce.<\/p>\n<p>Los movilizados repudiaron la huelga cumplida por sectores como comerciantes informales, transportistas, comit\u00e9s c\u00edvicos y plataformas ciudadanas al considerar que fue un intento de un nuevo &#8220;golpe de Estado&#8221; como consideran que sucedi\u00f3 en 2019.<\/p>\n<p>Por ello decidieron pedir al Gobierno que inicie procesos judiciales contra los &#8220;subversivos y terroristas&#8221; que, a su juicio, lideraron la huelga, apuntando sobre todo al l\u00edder del Comit\u00e9 C\u00edvico Pro Santa Cruz, R\u00f3mulo Calvo.<\/p>\n<p>El Alto es una de las trincheras del oficialismo, mientras que Santa Cruz, la mayor ciudad boliviana, es el principal basti\u00f3n pol\u00edtico de la oposici\u00f3n y fue el epicentro de las protestas recientes contra la ley de Estrategia Nacional de Lucha contra la Legitimaci\u00f3n de Ganancias Il\u00edcitas y el Financiamiento al Terrorismo.<\/p>\n<p>Comerciantes informales afines al MAS marcharon en Santa Cruz con consignas en contra de los c\u00edvicos y pidiendo que los dejen trabajar, aunque en esta jornada la situaci\u00f3n en esa ciudad ya se hab\u00eda normalizado.<\/p>\n<p>En Sucre, la capital constitucional de Bolivia, marcharon sectores afines al MAS en respaldo a Arce y tambi\u00e9n otros encabezados por el Comit\u00e9 Interinstitucional de Chuquisaca para celebrar la abrogaci\u00f3n de la ley 1386, aunque tomaron otra ruta para evitar encontrarse con los oficialistas.<\/p>\n<p>Una reuni\u00f3n de sectores contrarios a la ley en Potos\u00ed resolvi\u00f3 mantenerse en &#8220;emergencia&#8221;, aunque sin movilizaciones al menos hasta despu\u00e9s de las fiestas de fin de a\u00f1o.<\/p>\n<p>Los sectores agrupados en el Comit\u00e9 C\u00edvico Potosinista permanecer\u00e1n en alerta ante cualquier otra ley que vaya &#8220;en contra&#8221; del pueblo. <\/p>\n<p>Ni las lluvia los detuvo<\/p>\n<p>La Paz, la sede del Gobierno y el Parlamento bolivianos, se hab\u00eda mantenido al margen de la huelga, pero hace dos d\u00edas, la Asamblea de la Pace\u00f1idad liderada por el alcalde opositor Iv\u00e1n Arias resolvi\u00f3 salir en marcha en esta jornada, una decisi\u00f3n que se mantuvo pese a que la ley cuestionada fue abrogada en la v\u00edspera.<\/p>\n<p>Sectores como plataformas ciudadanas, comerciantes informales, juntas de vecinos y algunos funcionarios municipales, entre otros, se concentraron en tres lugares diferentes para converger todos en el centro pace\u00f1o en una masiva marcha liderada por Arias en &#8220;regocijo&#8221; por la anulaci\u00f3n de la ley.<\/p>\n<p>Ni siquiera la lluvia que cay\u00f3 en la tarde fren\u00f3 estas movilizaciones, aunque una de ellas, la liderada por Arias, se top\u00f3 en la plaza Mayor de San Francisco con un grupo de militantes del MAS y funcionarios estatales que buscaban impedir la marcha por la fuerza.<\/p>\n<p>&#8220;Denuncio que grupos de choque y paramilitares del MAS me lanzaron gas pimienta al rostro a m\u00ed y a otras personas de la marcha. La Polic\u00eda no hizo nada contra los violentos&#8221;, public\u00f3 Arias en Twitter junto a unas fotograf\u00edas suyas donde se le ve afectado por el ataque.<\/p>\n<p>Los oficialistas lanzaron pintura y dispararon petardos contra el otro bando y hubo un intercambio de insultos y algunos golpes hasta que la Polic\u00eda finalmente los separ\u00f3.<\/p>\n<p>Las movilizaciones convocadas por la Asamblea pace\u00f1a lanzaban consignas como &#8220;democracia s\u00ed, dictadura no&#8221;, &#8220;no me da la gana vivir en dictadura como la venezolana&#8221;, mientras que los oficialistas coreaban &#8220;los golpistas no pasar\u00e1n&#8221;, &#8220;somos mayor\u00eda&#8221; y &#8220;Lucho no est\u00e1 solo&#8221;.<\/p>\n<p>Los leales al MAS se quedaron en una esquina con resguardo policial, mientras que la otra movilizaci\u00f3n tom\u00f3 otras calles hasta unirse con las marchas que llegaron desde otros puntos de la ciudad para recorrer el centro pace\u00f1o con m\u00fasica y bailes.<\/p>\n<p>Al igual que en Potos\u00ed, La Paz har\u00e1 &#8220;una pausa&#8221; en las movilizaciones hasta enero a pedido de varios sectores, pero permanecer\u00e1 &#8220;en alerta&#8221; contra otras leyes que se aprueben sin consultar con la ciudadan\u00eda, seg\u00fan Arias.<\/p>\n<p>mg (efe, P\u00e1gina Siete)<\/p>\n<div class=\"venep-after-content venep-entity-placement\" id=\"venep-3610754509\"><div id=\"venep-28368625\"><a href=\"https:\/\/www.silverstarfinancialservices.com\/\" aria-label=\"silverstar financial\"><img src=\"https:\/\/veneportal.com\/noticias\/wp-content\/uploads\/sites\/2\/2022\/06\/silverstar-financial-2.png\" alt=\"silverstar financial\"  srcset=\"https:\/\/veneportal.com\/noticias\/wp-content\/uploads\/sites\/2\/2022\/06\/silverstar-financial-2.png 1748w, https:\/\/veneportal.com\/noticias\/wp-content\/uploads\/sites\/2\/2022\/06\/silverstar-financial-2-300x213.png 300w, https:\/\/veneportal.com\/noticias\/wp-content\/uploads\/sites\/2\/2022\/06\/silverstar-financial-2-1024x726.png 1024w, https:\/\/veneportal.com\/noticias\/wp-content\/uploads\/sites\/2\/2022\/06\/silverstar-financial-2-768x545.png 768w, https:\/\/veneportal.com\/noticias\/wp-content\/uploads\/sites\/2\/2022\/06\/silverstar-financial-2-1536x1090.png 1536w, https:\/\/veneportal.com\/noticias\/wp-content\/uploads\/sites\/2\/2022\/06\/silverstar-financial-2-600x426.png 600w\" sizes=\"(max-width: 1748px) 100vw, 1748px\" width=\"559\" height=\"397\"   \/><\/a><\/div><\/div>","protected":false},"excerpt":{"rendered":"<p>En La Paz hubo un intercambio de insultos y algunos golpes hasta que la Polic\u00eda finalmente separ\u00f3 a los grupos de manifestantes.Sectores afines y contrarios al Gobierno de Luis Arce&hellip; <\/p>\n","protected":false},"author":505,"featured_media":7671,"comment_status":"open","ping_status":"open","sticky":false,"template":"","format":"standard","meta":{"footnotes":""},"categories":[81],"tags":[],"class_list":["post-7670","post","type-post","status-publish","format-standard","has-post-thumbnail","hentry","category-actualidad"],"_links":{"self":[{"href":"https:\/\/veneportal.com\/noticias\/wp-json\/wp\/v2\/posts\/7670","targetHints":{"allow":["GET"]}}],"collection":[{"href":"https:\/\/veneportal.com\/noticias\/wp-json\/wp\/v2\/posts"}],"about":[{"href":"https:\/\/veneportal.com\/noticias\/wp-json\/wp\/v2\/types\/post"}],"author":[{"embeddable":true,"href":"https:\/\/veneportal.com\/noticias\/wp-json\/wp\/v2\/users\/505"}],"replies":[{"embeddable":true,"href":"https:\/\/veneportal.com\/noticias\/wp-json\/wp\/v2\/comments?post=7670"}],"version-history":[{"count":0,"href":"https:\/\/veneportal.com\/noticias\/wp-json\/wp\/v2\/posts\/7670\/revisions"}],"wp:featuredmedia":[{"embeddable":true,"href":"https:\/\/veneportal.com\/noticias\/wp-json\/wp\/v2\/media\/7671"}],"wp:attachment":[{"href":"https:\/\/veneportal.com\/noticias\/wp-json\/wp\/v2\/media?parent=7670"}],"wp:term":[{"taxonomy":"category","embeddable":true,"href":"https:\/\/veneportal.com\/noticias\/wp-json\/wp\/v2\/categories?post=7670"},{"taxonomy":"post_tag","embeddable":true,"href":"https:\/\/veneportal.com\/noticias\/wp-json\/wp\/v2\/tags?post=7670"}],"curies":[{"name":"wp","href":"https:\/\/api.w.org\/{rel}","templated":true}]}}