{"id":75910,"date":"2025-07-04T00:00:06","date_gmt":"2025-07-04T04:00:06","guid":{"rendered":"https:\/\/veneportal.com\/noticias\/2025\/07\/04\/iran-anuncia-la-reapertura-de-su-espacio-aereo\/"},"modified":"2025-07-04T00:00:06","modified_gmt":"2025-07-04T04:00:06","slug":"iran-anuncia-la-reapertura-de-su-espacio-aereo","status":"publish","type":"post","link":"https:\/\/veneportal.com\/noticias\/2025\/07\/04\/iran-anuncia-la-reapertura-de-su-espacio-aereo\/","title":{"rendered":"Ir\u00e1n anuncia la reapertura de su espacio a\u00e9reo"},"content":{"rendered":"<p>El espacio a\u00e9reo iran\u00ed fue totalmente cerrado el 13 de junio tras el inicio del ataque lanzado por Israel contra Ir\u00e1n.Ir\u00e1n anunci\u00f3 este jueves (03.07.2025) la reapertura de su espacio a\u00e9reo, inclusive sobre Teher\u00e1n, que fue cerrado el 13 de junio en el primer d\u00eda de la guerra contra Israel. &#8220;Los aeropuertos internacionales de Mehrabad e Im\u00e1n Jomeini en Teher\u00e1n, as\u00ed como los del norte, el este, el oeste y el sur del pa\u00eds, reanudaron sus servicios y est\u00e1n listos para garantizar los vuelos&#8221;, anunci\u00f3 la agencia oficial Irna. El espacio a\u00e9reo iran\u00ed fue totalmente cerrado el 13 de junio tras el inicio del ataque sin precedentes lanzado por Israel contra Ir\u00e1n. El 25 de junio, al d\u00eda siguiente del cese del fuego, los vuelos se hab\u00edan reanudado progresivamente pero solo en el este del pa\u00eds. Ir\u00e1n luego ampli\u00f3 al 28 de junio la reapertura de su espacio a\u00e9reo a las compa\u00f1\u00edas extranjeras que sobrevuelan su territorio. El jueves, la agencia Irna precis\u00f3 que solo los aeropuertos de Isfah\u00e1n (centro) y Tabriz (noroeste), dos ciudades atacadas en varias ocasiones por los bombardeos israel\u00edes, seguir\u00e1n cerrados hasta que las infraestructuras sean de nuevo operativas. mg (afp, Reuters)<\/p>\n<div class=\"venep-after-content venep-entity-placement\" id=\"venep-3451845757\"><div id=\"venep-98528262\"><script async src=\"https:\/\/pagead2.googlesyndication.com\/pagead\/js\/adsbygoogle.js?client=ca-pub-5862940809620110\"\r\n     crossorigin=\"anonymous\"><\/script>\r\n<ins class=\"adsbygoogle\"\r\n     style=\"display:block\"\r\n     data-ad-format=\"fluid\"\r\n     data-ad-layout-key=\"-6t+ed+2i-1n-4w\"\r\n     data-ad-client=\"ca-pub-5862940809620110\"\r\n     data-ad-slot=\"7946604715\"><\/ins>\r\n<script>\r\n     (adsbygoogle = window.adsbygoogle || []).push({});\r\n<\/script><\/div><\/div>","protected":false},"excerpt":{"rendered":"<p>El espacio a\u00e9reo iran\u00ed fue totalmente cerrado el 13 de junio tras el inicio del ataque lanzado por Israel contra Ir\u00e1n.Ir\u00e1n anunci\u00f3 este jueves (03.07.2025) la reapertura de su espacio&hellip; <\/p>\n","protected":false},"author":505,"featured_media":75911,"comment_status":"open","ping_status":"open","sticky":false,"template":"","format":"standard","meta":{"footnotes":""},"categories":[85],"tags":[],"class_list":["post-75910","post","type-post","status-publish","format-standard","has-post-thumbnail","hentry","category-politica"],"_links":{"self":[{"href":"https:\/\/veneportal.com\/noticias\/wp-json\/wp\/v2\/posts\/75910","targetHints":{"allow":["GET"]}}],"collection":[{"href":"https:\/\/veneportal.com\/noticias\/wp-json\/wp\/v2\/posts"}],"about":[{"href":"https:\/\/veneportal.com\/noticias\/wp-json\/wp\/v2\/types\/post"}],"author":[{"embeddable":true,"href":"https:\/\/veneportal.com\/noticias\/wp-json\/wp\/v2\/users\/505"}],"replies":[{"embeddable":true,"href":"https:\/\/veneportal.com\/noticias\/wp-json\/wp\/v2\/comments?post=75910"}],"version-history":[{"count":0,"href":"https:\/\/veneportal.com\/noticias\/wp-json\/wp\/v2\/posts\/75910\/revisions"}],"wp:featuredmedia":[{"embeddable":true,"href":"https:\/\/veneportal.com\/noticias\/wp-json\/wp\/v2\/media\/75911"}],"wp:attachment":[{"href":"https:\/\/veneportal.com\/noticias\/wp-json\/wp\/v2\/media?parent=75910"}],"wp:term":[{"taxonomy":"category","embeddable":true,"href":"https:\/\/veneportal.com\/noticias\/wp-json\/wp\/v2\/categories?post=75910"},{"taxonomy":"post_tag","embeddable":true,"href":"https:\/\/veneportal.com\/noticias\/wp-json\/wp\/v2\/tags?post=75910"}],"curies":[{"name":"wp","href":"https:\/\/api.w.org\/{rel}","templated":true}]}}