{"id":75333,"date":"2025-06-11T12:00:07","date_gmt":"2025-06-11T16:00:07","guid":{"rendered":"https:\/\/veneportal.com\/noticias\/2025\/06\/11\/austria-sigue-consternada-tras-la-peor-masacre-en-su-historia-moderna\/"},"modified":"2025-06-11T12:00:07","modified_gmt":"2025-06-11T16:00:07","slug":"austria-sigue-consternada-tras-la-peor-masacre-en-su-historia-moderna","status":"publish","type":"post","link":"https:\/\/veneportal.com\/noticias\/2025\/06\/11\/austria-sigue-consternada-tras-la-peor-masacre-en-su-historia-moderna\/","title":{"rendered":"Austria sigue consternada tras la peor masacre en su historia moderna"},"content":{"rendered":"<p>Austria, en particular la ciudad de Graz, se despertaron consternadas por la peor masacre sucedida jam\u00e1s en este pa\u00eds desde la Segunda Guerra Mundial.Un hombre joven desempleado de 21 a\u00f1os, identificado por la prensa local como Arthur A., ingres\u00f3 el martes (10.06.2025) a las 10.00 hora local a su antiguo centro escolar en Graz, en el sur de Austria, para disparar en dos aulas contra alumnos y docentes. Seg\u00fan los escasos relatos familiares y amigos de las v\u00edctimas que la prensa austr\u00edaca pudo recabar hasta ahora, varias personas murieron con disparos directos en la cabeza, mientras que algunos lograron sobrevivir al tirarse al suelo pretendiendo que estaban muertos. El diario Kronenzeitung asegura en su edici\u00f3n de este mi\u00e9rcoles que una profesora logr\u00f3 cerrar con llave la puerta de su aula y llam\u00f3 a su marido diciendo: &#8220;Estamos a salvo pero la situaci\u00f3n es dram\u00e1tica. Est\u00e1n disparando todo el tiempo&#8221;. La masacre de Graz, que dur\u00f3 exactamente 17 minutos, antes de que el supuesto agresor se suicidara en un ba\u00f1o del colegio, ha desatado un debate pol\u00edtico en Austria sobre la facilidad con la que pudo adquirir, hace apenas unos d\u00edas, las dos armas usadas en su asalto, una pistola y un rifle. El rifle fue comprado por el atacante sin problemas Seg\u00fan expertos entrevistados anoche por la televisi\u00f3n p\u00fablica ORF, el rifle lo pudo comprar sin problemas al tener m\u00e1s de 18 a\u00f1os de edad, mientras que para la pistola parece haber pasado unas pruebas psicol\u00f3gicas. La alcaldesa de Graz, Elke Kahr, pidi\u00f3 anoche un debate sobre un endurecimiento de las leyes de posesi\u00f3n de armas. &#8220;Considerado que hay que ser m\u00e1s estrictos con el hecho de que sea tan f\u00e1cil conseguir armas de fuego a una edad tan temprana. Pero da igual la edad que se tenga&#8221;, dijo la edil, del partido comunista KP\u00d6. &#8220;Se pueden plantear mil preguntas sobre si se podr\u00eda haber evitado. Pero un arma no es un juguete, en caso de emergencia mata. Sin embargo, \u00e9stas son conversaciones que seguramente tambi\u00e9n se llevar\u00e1n a cabo a nivel federal en el futuro&#8221;, agreg\u00f3 Kahr. De hecho, Austria es uno de los pa\u00edses europeos con mayor n\u00famero de armas, sobre todo para fines de caza tradicional. En los \u00faltimos a\u00f1os el n\u00famero de armas se ha disparado en este pa\u00eds de 9 millones de habitantes, seg\u00fan datos oficiales, al pasar entre 2018 y 2025 de un mill\u00f3n a m\u00e1s de un mill\u00f3n y medio, que est\u00e1n en manos de unos 380.000 propietarios, destaca el diario Die Presse. Allanamiento de la vivienda del supuesto agresor y misa por las v\u00edctimas La Polic\u00eda registr\u00f3 ayer el domicilio del supuesto agresor, de nacionalidad austr\u00edaca, donde encontraron una carta de despedida, en papel y en forma electr\u00f3nica, que sin embargo no dan indicios sobre los motivos de su crimen. Aparte de los once muertos, incluyendo el supuesto atacante, resultaron heridas 11 personas, entre las que hay varias en estado grave. Mientras que la c\u00fapula del Gobierno austr\u00edaco acudi\u00f3 anoche a una misa de conmemoraci\u00f3n de las v\u00edctimas en la Catedral de Graz, la selecci\u00f3n austr\u00edaca de f\u00fatbol jug\u00f3 su partido clasificatorio para el Mundial 2026 contra San Marino con un brazalete negro y tras un minuto de silencio. Austria hab\u00eda vivido en las \u00faltimas tres d\u00e9cadas varios episodios de violencia en escuelas, con alg\u00fan que otro muerto, aunque nunca hubo un ataque de estas dimensiones. Si bien en la prensa y redes sociales circula la teor\u00eda de un supuesto acto de venganza del atacante por haber sufrido acoso escolar en el pasado, la Polic\u00eda austr\u00edaca no quiere ni confirmar ni desmentir estas versiones. Un minuto de silencio a las 10.00 hora local Mientras, el pa\u00eds entero guard\u00f3 esta ma\u00f1ana, a las 10.00 hora local (08.00 GMT), justo 24 horas despu\u00e9s del inicio de la masacre, un minuto de silencio. La empresa de transporte p\u00fablico de Viena, por ejemplo, detuvo a todos sus veh\u00edculos, es decir, tranv\u00edas, autobuses y metro subterr\u00e1neo, para guardar ese minuto de silencio en honor a las v\u00edctimas de Graz. Anoche, miles de personas acudieron en pleno silencio a la plaza central de Graz para depositar velas en memoria de los asesinados, seis mujeres y chicas, as\u00ed como cuatro varones. La direcci\u00f3n de la escuela atacada emiti\u00f3 anoche en redes sociales un emotivo mensaje dirigido a sus alumnos. &#8220;Fue un d\u00eda terrible, que nos conmovi\u00f3 y afect\u00f3 profundamente a todos. Sigamos unidos como comunidad y apoy\u00e1ndonos mutuamente. Vuestros profesores y vuestra directora&#8221;, se\u00f1ala el breve mensaje en Instagram. Graz es la segunda ciudad de Austria, situada en el sur del pa\u00eds, cerca de la frontera con Eslovenia. Con 300.000 habitantes es la capital del estado federado de Estiria, uno de los centros industriales del pa\u00eds alpino. CP (efe, afp)<\/p>\n<div class=\"venep-after-content venep-entity-placement\" id=\"venep-3327601427\"><div id=\"venep-116738999\"><script async src=\"https:\/\/pagead2.googlesyndication.com\/pagead\/js\/adsbygoogle.js?client=ca-pub-5862940809620110\"\r\n     crossorigin=\"anonymous\"><\/script>\r\n<ins class=\"adsbygoogle\"\r\n     style=\"display:block\"\r\n     data-ad-format=\"fluid\"\r\n     data-ad-layout-key=\"-6t+ed+2i-1n-4w\"\r\n     data-ad-client=\"ca-pub-5862940809620110\"\r\n     data-ad-slot=\"7946604715\"><\/ins>\r\n<script>\r\n     (adsbygoogle = window.adsbygoogle || []).push({});\r\n<\/script><\/div><\/div>","protected":false},"excerpt":{"rendered":"<p>Austria, en particular la ciudad de Graz, se despertaron consternadas por la peor masacre sucedida jam\u00e1s en este pa\u00eds desde la Segunda Guerra Mundial.Un hombre joven desempleado de 21 a\u00f1os,&hellip; <\/p>\n","protected":false},"author":505,"featured_media":75334,"comment_status":"open","ping_status":"open","sticky":false,"template":"","format":"standard","meta":{"footnotes":""},"categories":[85],"tags":[],"class_list":["post-75333","post","type-post","status-publish","format-standard","has-post-thumbnail","hentry","category-politica"],"_links":{"self":[{"href":"https:\/\/veneportal.com\/noticias\/wp-json\/wp\/v2\/posts\/75333","targetHints":{"allow":["GET"]}}],"collection":[{"href":"https:\/\/veneportal.com\/noticias\/wp-json\/wp\/v2\/posts"}],"about":[{"href":"https:\/\/veneportal.com\/noticias\/wp-json\/wp\/v2\/types\/post"}],"author":[{"embeddable":true,"href":"https:\/\/veneportal.com\/noticias\/wp-json\/wp\/v2\/users\/505"}],"replies":[{"embeddable":true,"href":"https:\/\/veneportal.com\/noticias\/wp-json\/wp\/v2\/comments?post=75333"}],"version-history":[{"count":0,"href":"https:\/\/veneportal.com\/noticias\/wp-json\/wp\/v2\/posts\/75333\/revisions"}],"wp:featuredmedia":[{"embeddable":true,"href":"https:\/\/veneportal.com\/noticias\/wp-json\/wp\/v2\/media\/75334"}],"wp:attachment":[{"href":"https:\/\/veneportal.com\/noticias\/wp-json\/wp\/v2\/media?parent=75333"}],"wp:term":[{"taxonomy":"category","embeddable":true,"href":"https:\/\/veneportal.com\/noticias\/wp-json\/wp\/v2\/categories?post=75333"},{"taxonomy":"post_tag","embeddable":true,"href":"https:\/\/veneportal.com\/noticias\/wp-json\/wp\/v2\/tags?post=75333"}],"curies":[{"name":"wp","href":"https:\/\/api.w.org\/{rel}","templated":true}]}}