{"id":75265,"date":"2025-06-08T12:02:08","date_gmt":"2025-06-08T16:02:08","guid":{"rendered":"https:\/\/veneportal.com\/noticias\/2025\/06\/08\/trump-envia-a-la-guardia-nacional-a-los-angeles\/"},"modified":"2025-06-08T12:02:08","modified_gmt":"2025-06-08T16:02:08","slug":"trump-envia-a-la-guardia-nacional-a-los-angeles","status":"publish","type":"post","link":"https:\/\/veneportal.com\/noticias\/2025\/06\/08\/trump-envia-a-la-guardia-nacional-a-los-angeles\/","title":{"rendered":"Trump env\u00eda a la Guardia Nacional a Los \u00c1ngeles"},"content":{"rendered":"<p>La medida para enfrentar las protestas contra las redadas, &#8220;solo intensificar\u00e1 las tensiones&#8221;, advirti\u00f3 el gobernador de California.El presidente de Estados Unidos, Donald Trump, orden\u00f3 la noche del s\u00e1bado el despliegue en Los \u00c1ngeles de 2.000 efectivos de la Guardia Nacional para controlar las protestas contra las redadas que realizan agentes federales de inmigraci\u00f3n. Trump firm\u00f3 un memorando &#8220;para el despliegue de 2.000 efectivos de la Guardia Nacional para controlar la anarqu\u00eda que dejaron arraigarse&#8221;, dijo en un comunicado la secretaria de prensa de la Casa Blanca, Karoline Leavitt. &#8220;La administraci\u00f3n Trump tiene una pol\u00edtica de tolerancia cero con el comportamiento criminal y la violencia, en especial cuando la violencia se dirige contra oficiales de las fuerzas del orden que tratan de hacer su trabajo&#8221;, agreg\u00f3 Leavitt. La funcionaria se refer\u00eda a los choques entre agentes del orden y una multitud que repudi\u00f3 este s\u00e1bado las redadas de trabajadores migrantes, que ejecut\u00f3 en Los \u00c1ngeles el Servicio de Control de Inmigraci\u00f3n y Aduanas (ICE). Por su parte, el secretario de Defensa, Pete Hegseth, declar\u00f3 este mismo s\u00e1bado que el Pent\u00e1gono estaba preparado para movilizar a los marines en servicio activo &#8220;si la violencia contin\u00faa&#8221; en Los \u00c1ngeles. Gobernador Newson: &#8220;solo aumentar\u00e1 las tensiones&#8221; El viernes, agentes de inmigraci\u00f3n realizaron redadas en centros de trabajo en diferentes partes de la ciudad, lo que gener\u00f3 los primeros enfrentamientos que duraron varias horas. La alcaldesa de Los \u00c1ngeles, Karen Bass, admiti\u00f3 que algunos residentes sent\u00edan &#8220;miedo&#8221; tras las acciones de las autoridades de inmigraci\u00f3n. &#8220;Todos tienen derecho a la protesta pac\u00edfica, pero perm\u00edtanme ser clara: la violencia y la destrucci\u00f3n son inaceptables&#8221;, escribi\u00f3 en su cuenta de X. Paramount tiene un 82% de poblaci\u00f3n hispana o latina, seg\u00fan datos del censo. Por su lado, la Uni\u00f3n Estadounidense de Libertades Civiles (ACLU) dijo este s\u00e1bado que estudia presentar una demanda contra el Gobierno de Trump por ordenar el despliegue de soldados de la Guardia Nacional de EE.UU. en Los \u00c1ngeles, en respuesta a las protestas por las redadas migratorias. Victor Leung, director legal y de defensa de la ACLU del Sur de California, dijo en un comunicado que el despliegue &#8220;infundado\u201d de la Guardia Nacional por parte de la Administraci\u00f3n Trump &#8220;es una clara represalia\u201d contra California, un basti\u00f3n para las comunidades inmigrantes y equivale &#8220;a una declaraci\u00f3n de guerra\u201d contra todos los habitantes del estado. &#8220;No hay ninguna raz\u00f3n\u201d para desplegar la Guardia Nacional contra los angelinos, quienes &#8220;est\u00e1n leg\u00edtimamente\u201d indignados por el ataque del gobierno federal a las comunidades inmigrantes y ejercen con justicia su derecho amparado en la Primera Enmienda para protestar por la separaci\u00f3n violenta de las familias, se\u00f1al\u00f3 Leung. &#8220;Tenemos la intenci\u00f3n de presentar una demanda, exigir responsabilidades a esta administraci\u00f3n y proteger a nuestras comunidades de futuros ataques\u201d, puntualiz\u00f3 el activista. jc (afp, efe, reuters)<\/p>\n<div class=\"venep-after-content venep-entity-placement\" id=\"venep-646082743\"><div id=\"venep-2480405978\"><script async src=\"https:\/\/pagead2.googlesyndication.com\/pagead\/js\/adsbygoogle.js?client=ca-pub-5862940809620110\"\r\n     crossorigin=\"anonymous\"><\/script>\r\n<ins class=\"adsbygoogle\"\r\n     style=\"display:block\"\r\n     data-ad-format=\"fluid\"\r\n     data-ad-layout-key=\"-6t+ed+2i-1n-4w\"\r\n     data-ad-client=\"ca-pub-5862940809620110\"\r\n     data-ad-slot=\"7946604715\"><\/ins>\r\n<script>\r\n     (adsbygoogle = window.adsbygoogle || []).push({});\r\n<\/script><\/div><\/div>","protected":false},"excerpt":{"rendered":"<p>La medida para enfrentar las protestas contra las redadas, &#8220;solo intensificar\u00e1 las tensiones&#8221;, advirti\u00f3 el gobernador de California.El presidente de Estados Unidos, Donald Trump, orden\u00f3 la noche del s\u00e1bado el&hellip; <\/p>\n","protected":false},"author":505,"featured_media":75266,"comment_status":"open","ping_status":"open","sticky":false,"template":"","format":"standard","meta":{"footnotes":""},"categories":[85],"tags":[],"class_list":["post-75265","post","type-post","status-publish","format-standard","has-post-thumbnail","hentry","category-politica"],"_links":{"self":[{"href":"https:\/\/veneportal.com\/noticias\/wp-json\/wp\/v2\/posts\/75265","targetHints":{"allow":["GET"]}}],"collection":[{"href":"https:\/\/veneportal.com\/noticias\/wp-json\/wp\/v2\/posts"}],"about":[{"href":"https:\/\/veneportal.com\/noticias\/wp-json\/wp\/v2\/types\/post"}],"author":[{"embeddable":true,"href":"https:\/\/veneportal.com\/noticias\/wp-json\/wp\/v2\/users\/505"}],"replies":[{"embeddable":true,"href":"https:\/\/veneportal.com\/noticias\/wp-json\/wp\/v2\/comments?post=75265"}],"version-history":[{"count":0,"href":"https:\/\/veneportal.com\/noticias\/wp-json\/wp\/v2\/posts\/75265\/revisions"}],"wp:featuredmedia":[{"embeddable":true,"href":"https:\/\/veneportal.com\/noticias\/wp-json\/wp\/v2\/media\/75266"}],"wp:attachment":[{"href":"https:\/\/veneportal.com\/noticias\/wp-json\/wp\/v2\/media?parent=75265"}],"wp:term":[{"taxonomy":"category","embeddable":true,"href":"https:\/\/veneportal.com\/noticias\/wp-json\/wp\/v2\/categories?post=75265"},{"taxonomy":"post_tag","embeddable":true,"href":"https:\/\/veneportal.com\/noticias\/wp-json\/wp\/v2\/tags?post=75265"}],"curies":[{"name":"wp","href":"https:\/\/api.w.org\/{rel}","templated":true}]}}