{"id":75232,"date":"2025-06-07T00:00:06","date_gmt":"2025-06-07T04:00:06","guid":{"rendered":"https:\/\/veneportal.com\/noticias\/2025\/06\/07\/cidh-insta-a-el-salvador-a-derogar-ley-de-agentes-extranjeros\/"},"modified":"2025-06-07T00:00:06","modified_gmt":"2025-06-07T04:00:06","slug":"cidh-insta-a-el-salvador-a-derogar-ley-de-agentes-extranjeros","status":"publish","type":"post","link":"https:\/\/veneportal.com\/noticias\/2025\/06\/07\/cidh-insta-a-el-salvador-a-derogar-ley-de-agentes-extranjeros\/","title":{"rendered":"CIDH insta a El Salvador a derogar Ley de Agentes Extranjeros"},"content":{"rendered":"<p>El Congreso aprob\u00f3 el pasado 20 de mayo esa ley que grava con un impuesto del 30 % las donaciones internacionales, sean para personas naturales o jur\u00eddicas.La Comisi\u00f3n Interamericana de Derechos Humanos (CIDH) inst\u00f3 este viernes (06.06.2027) al Estado de El Salvador a derogar la reciente Ley de Agentes Extranjeros, porque puede afectar la &#8220;sostenibilidad financiera de las organizaciones y medios de comunicaci\u00f3n&#8221; que &#8220;act\u00faan en defensa de derechos humanos&#8221;. A iniciativa del presidente Nayib Bukele, el Congreso aprob\u00f3 el pasado 20 de mayo la ley en menci\u00f3n, que grava con un impuesto del 30 % las donaciones internacionales, sean para personas naturales o jur\u00eddicas. &#8220;La CIDH expresa su preocupaci\u00f3n por la tributaci\u00f3n establecida, que puede inviabilizar la sostenibilidad financiera de las organizaciones y medios de comunicaci\u00f3n alternativos o comunitarios que act\u00faan en defensa de derechos humanos y que dependen de los fondos de la cooperaci\u00f3n internacional&#8221;, indic\u00f3 el organismo en un comunicado. La comisi\u00f3n tambi\u00e9n advirti\u00f3 que dicha ley posee una &#8220;discrecionalidad&#8221; y &#8220;ambig\u00fcedad&#8221; sobre &#8220;las actividades que son prohibidas de ser financiadas con recursos extranjeros&#8221;. &#8220;En 2021, la CIDH y su RELE (Relator\u00eda Especial de Libertad de Expresi\u00f3n) llamaron al Estado de El Salvador a no aprobar una normativa con tales caracter\u00edsticas, por lo que instaron a su derogaci\u00f3n&#8221;, subray\u00f3 el comunicado. Preocupados por &#8220;detenciones recientes&#8221; El organismo, que forma parte de la Organizaci\u00f3n de los Estados Americanos (OEA), tambi\u00e9n manifest\u00f3 su preocupaci\u00f3n por las &#8220;detenciones recientes contra personas defensoras de derechos humanos&#8221;. La CIDH hizo referencia a las detenciones de la abogada anticorrupci\u00f3n Ruth L\u00f3pez, del abogado ambientalista Alejandro Henr\u00edquez, del pastor evang\u00e9lico y l\u00edder comunitario Jos\u00e9 \u00c1ngel P\u00e9rez, y de Fidel Zavala, portavoz de una organizaci\u00f3n humanitaria. Adem\u00e1s, la comisi\u00f3n denunci\u00f3 la existencia de &#8220;\u00f3rdenes de arresto contra Ivania Cruz y Rudy Joya, todos defensores de la Unidad de Defensa de Derechos Humanos y Comunitarios&#8221;, junto a Zavala. &#8220;Organizaciones de la sociedad civil cuestionan que las causas penales ser\u00edan una forma de represalia por su labor con personas detenidas durante el r\u00e9gimen de excepci\u00f3n y por denuncias de abusos en las c\u00e1rceles&#8221;, expuso la CIDH. El comunicado tambi\u00e9n apunt\u00f3 que &#8220;frente a las alegaciones sobre el uso indebido del derecho penal con el posible fin de intimidar, castigar o impedir las actividades de defensa de derechos humanos, la CIDH llama al Estado a abstenerse de incurrir en esta pr\u00e1ctica&#8221;. mg (efe, La Prensa Gr\u00e1fica)<\/p>\n<div class=\"venep-after-content venep-entity-placement\" id=\"venep-2696996927\"><div id=\"venep-2151909907\"><a href=\"https:\/\/veneportal.com\/precios-publicidad-para-mi-negocio\/#premium\" aria-label=\"300&#215;250 Banners your door to the hispanic market\"><img src=\"https:\/\/veneportal.com\/noticias\/wp-content\/uploads\/sites\/2\/2021\/03\/300x250-Banners-your-door-to-the-hispanic-market.png\" alt=\"\"  srcset=\"https:\/\/veneportal.com\/noticias\/wp-content\/uploads\/sites\/2\/2021\/03\/300x250-Banners-your-door-to-the-hispanic-market.png 900w, https:\/\/veneportal.com\/noticias\/wp-content\/uploads\/sites\/2\/2021\/03\/300x250-Banners-your-door-to-the-hispanic-market-300x250.png 300w, https:\/\/veneportal.com\/noticias\/wp-content\/uploads\/sites\/2\/2021\/03\/300x250-Banners-your-door-to-the-hispanic-market-768x640.png 768w, https:\/\/veneportal.com\/noticias\/wp-content\/uploads\/sites\/2\/2021\/03\/300x250-Banners-your-door-to-the-hispanic-market-600x500.png 600w\" sizes=\"(max-width: 900px) 100vw, 900px\" width=\"600\" height=\"400\"   \/><\/a><\/div><\/div>","protected":false},"excerpt":{"rendered":"<p>El Congreso aprob\u00f3 el pasado 20 de mayo esa ley que grava con un impuesto del 30 % las donaciones internacionales, sean para personas naturales o jur\u00eddicas.La Comisi\u00f3n Interamericana de&hellip; <\/p>\n","protected":false},"author":505,"featured_media":75233,"comment_status":"open","ping_status":"open","sticky":false,"template":"","format":"standard","meta":{"footnotes":""},"categories":[85],"tags":[],"class_list":["post-75232","post","type-post","status-publish","format-standard","has-post-thumbnail","hentry","category-politica"],"_links":{"self":[{"href":"https:\/\/veneportal.com\/noticias\/wp-json\/wp\/v2\/posts\/75232","targetHints":{"allow":["GET"]}}],"collection":[{"href":"https:\/\/veneportal.com\/noticias\/wp-json\/wp\/v2\/posts"}],"about":[{"href":"https:\/\/veneportal.com\/noticias\/wp-json\/wp\/v2\/types\/post"}],"author":[{"embeddable":true,"href":"https:\/\/veneportal.com\/noticias\/wp-json\/wp\/v2\/users\/505"}],"replies":[{"embeddable":true,"href":"https:\/\/veneportal.com\/noticias\/wp-json\/wp\/v2\/comments?post=75232"}],"version-history":[{"count":0,"href":"https:\/\/veneportal.com\/noticias\/wp-json\/wp\/v2\/posts\/75232\/revisions"}],"wp:featuredmedia":[{"embeddable":true,"href":"https:\/\/veneportal.com\/noticias\/wp-json\/wp\/v2\/media\/75233"}],"wp:attachment":[{"href":"https:\/\/veneportal.com\/noticias\/wp-json\/wp\/v2\/media?parent=75232"}],"wp:term":[{"taxonomy":"category","embeddable":true,"href":"https:\/\/veneportal.com\/noticias\/wp-json\/wp\/v2\/categories?post=75232"},{"taxonomy":"post_tag","embeddable":true,"href":"https:\/\/veneportal.com\/noticias\/wp-json\/wp\/v2\/tags?post=75232"}],"curies":[{"name":"wp","href":"https:\/\/api.w.org\/{rel}","templated":true}]}}