{"id":75101,"date":"2025-06-02T00:00:09","date_gmt":"2025-06-02T04:00:09","guid":{"rendered":"https:\/\/veneportal.com\/noticias\/2025\/06\/02\/uefa-elige-a-dembele-como-mejor-jugador-de-la-liga-de-campeones\/"},"modified":"2025-06-02T00:00:09","modified_gmt":"2025-06-02T04:00:09","slug":"uefa-elige-a-dembele-como-mejor-jugador-de-la-liga-de-campeones","status":"publish","type":"post","link":"https:\/\/veneportal.com\/noticias\/2025\/06\/02\/uefa-elige-a-dembele-como-mejor-jugador-de-la-liga-de-campeones\/","title":{"rendered":"UEFA elige a Demb\u00e9l\u00e9 como mejor jugador de la Liga de Campeones"},"content":{"rendered":"<p>El reconocimiento refuerza las opciones de Demb\u00e9l\u00e9 en la carrera hacia el Bal\u00f3n de Oro de la revista France Football, el premio individual m\u00e1s codiciado del f\u00fatbol y que se entregar\u00e1 el 22 de septiembre en Par\u00eds.El atacante franc\u00e9s Ousmane Demb\u00e9l\u00e9, que el s\u00e1bado gan\u00f3 la Liga de Campeones con el Par\u00eds Saint-Germain, fue designado este domingo (01.06.2025) por la UEFA como mejor jugador de la temporada en el m\u00e1ximo torneo del f\u00fatbol europeo. &#8220;Adem\u00e1s de sus ocho goles, Demb\u00e9l\u00e9 asumi\u00f3 el papel de l\u00edder en el equipo parisino, como pudimos ver en la final, donde trabaj\u00f3 muy duro presionando desde el frente de ataque&#8221;, explic\u00f3 el grupo de observadores t\u00e9cnicos de la UEFA, citado en un comunicado. &#8220;Adem\u00e1s, cre\u00f3 dudas en sus oponentes partido tras partido con sus inteligentes movimientos, retrocediendo para dar a su equipo superioridad en el centro del campo&#8221;, agreg\u00f3. Mejoran las perspectivas de Demb\u00e9l\u00e9 de ganar el Bal\u00f3n de Oro Demb\u00e9l\u00e9 es el l\u00edder ofensivo del PSG en su primer a\u00f1o sin Kylian Mbapp\u00e9. Ha firmado 33 goles y dado 15 asistencias en todas las competiciones del PSG esta temporada. Este premio refuerza las opciones de Demb\u00e9l\u00e9 en la carrera hacia el Bal\u00f3n de Oro de la revista France Football, el premio individual m\u00e1s codiciado del f\u00fatbol y que se entregar\u00e1 el 22 de septiembre en Par\u00eds. &#8220;Yo dar\u00eda el Bal\u00f3n de Oro a Ousmane Demb\u00e9l\u00e9, simplemente por c\u00f3mo defiende&#8221;, estim\u00f3 el s\u00e1bado el entrenador del PSG, Luis Enrique. El atleta de 28 a\u00f1os, que fich\u00f3 en 2023 con el PSG procedente del Barcelona, no anot\u00f3 el s\u00e1bado en la final, a pesar de que su equipo se impuso 5-0 al Inter de Mil\u00e1n. rr afp\/reuters<\/p>\n<div class=\"venep-after-content venep-entity-placement\" id=\"venep-3803871148\"><div id=\"venep-3116485453\"><a href=\"https:\/\/www.silverstarfinancialservices.com\/\" aria-label=\"silverstar financial\"><img src=\"https:\/\/veneportal.com\/noticias\/wp-content\/uploads\/sites\/2\/2022\/06\/silverstar-financial-2.png\" alt=\"silverstar financial\"  srcset=\"https:\/\/veneportal.com\/noticias\/wp-content\/uploads\/sites\/2\/2022\/06\/silverstar-financial-2.png 1748w, https:\/\/veneportal.com\/noticias\/wp-content\/uploads\/sites\/2\/2022\/06\/silverstar-financial-2-300x213.png 300w, https:\/\/veneportal.com\/noticias\/wp-content\/uploads\/sites\/2\/2022\/06\/silverstar-financial-2-1024x726.png 1024w, https:\/\/veneportal.com\/noticias\/wp-content\/uploads\/sites\/2\/2022\/06\/silverstar-financial-2-768x545.png 768w, https:\/\/veneportal.com\/noticias\/wp-content\/uploads\/sites\/2\/2022\/06\/silverstar-financial-2-1536x1090.png 1536w, https:\/\/veneportal.com\/noticias\/wp-content\/uploads\/sites\/2\/2022\/06\/silverstar-financial-2-600x426.png 600w\" sizes=\"(max-width: 1748px) 100vw, 1748px\" width=\"559\" height=\"397\"   \/><\/a><\/div><\/div>","protected":false},"excerpt":{"rendered":"<p>El reconocimiento refuerza las opciones de Demb\u00e9l\u00e9 en la carrera hacia el Bal\u00f3n de Oro de la revista France Football, el premio individual m\u00e1s codiciado del f\u00fatbol y que se&hellip; <\/p>\n","protected":false},"author":505,"featured_media":75102,"comment_status":"open","ping_status":"open","sticky":false,"template":"","format":"standard","meta":{"footnotes":""},"categories":[85],"tags":[],"class_list":["post-75101","post","type-post","status-publish","format-standard","has-post-thumbnail","hentry","category-politica"],"_links":{"self":[{"href":"https:\/\/veneportal.com\/noticias\/wp-json\/wp\/v2\/posts\/75101","targetHints":{"allow":["GET"]}}],"collection":[{"href":"https:\/\/veneportal.com\/noticias\/wp-json\/wp\/v2\/posts"}],"about":[{"href":"https:\/\/veneportal.com\/noticias\/wp-json\/wp\/v2\/types\/post"}],"author":[{"embeddable":true,"href":"https:\/\/veneportal.com\/noticias\/wp-json\/wp\/v2\/users\/505"}],"replies":[{"embeddable":true,"href":"https:\/\/veneportal.com\/noticias\/wp-json\/wp\/v2\/comments?post=75101"}],"version-history":[{"count":0,"href":"https:\/\/veneportal.com\/noticias\/wp-json\/wp\/v2\/posts\/75101\/revisions"}],"wp:featuredmedia":[{"embeddable":true,"href":"https:\/\/veneportal.com\/noticias\/wp-json\/wp\/v2\/media\/75102"}],"wp:attachment":[{"href":"https:\/\/veneportal.com\/noticias\/wp-json\/wp\/v2\/media?parent=75101"}],"wp:term":[{"taxonomy":"category","embeddable":true,"href":"https:\/\/veneportal.com\/noticias\/wp-json\/wp\/v2\/categories?post=75101"},{"taxonomy":"post_tag","embeddable":true,"href":"https:\/\/veneportal.com\/noticias\/wp-json\/wp\/v2\/tags?post=75101"}],"curies":[{"name":"wp","href":"https:\/\/api.w.org\/{rel}","templated":true}]}}