{"id":75055,"date":"2025-05-31T00:02:05","date_gmt":"2025-05-31T04:02:05","guid":{"rendered":"https:\/\/veneportal.com\/noticias\/2025\/05\/31\/israel-acusa-a-macron-de-estar-en-cruzada-contra-el-estado-judio\/"},"modified":"2025-05-31T00:02:05","modified_gmt":"2025-05-31T04:02:05","slug":"israel-acusa-a-macron-de-estar-en-cruzada-contra-el-estado-judio","status":"publish","type":"post","link":"https:\/\/veneportal.com\/noticias\/2025\/05\/31\/israel-acusa-a-macron-de-estar-en-cruzada-contra-el-estado-judio\/","title":{"rendered":"Israel acusa a Macron de estar en &#8220;cruzada contra el Estado jud\u00edo&#8221;"},"content":{"rendered":"<p>&#8220;En lugar de presionar a los terroristas yihadistas, Macron quiere recompensarlos con un Estado palestino&#8221;, dijo el gobierno. El presidente de Francia hab\u00eda dicho que la UE deb\u00eda &#8220;endurecer&#8221; su postura hacia Israel.Israel denunci\u00f3 este viernes (30.05.2025) que el presidente franc\u00e9s Emmanuel Macron estaba emprendiendo una &#8220;cruzada contra el Estado jud\u00edo&#8221;, despu\u00e9s de que el mandatario inst\u00f3 a los pa\u00edses europeos a endurecer su postura hacia Israel si no mejora la situaci\u00f3n humanitaria en la Franja de Gaza. La semana pasada, Israel levant\u00f3 parcialmente un bloqueo de m\u00e1s de dos meses que imped\u00eda la entrada de ayuda humanitaria en Gaza. El territorio palestino se encuentra devastado y enfrenta una escasez de agua, comida, combustible y medicamentos tras casi 20 meses de guerra entre Israel y el movimiento terrorista palestino Ham\u00e1s. Israel asegura que Macron quiere premiar &#8220;a los terroristas yihadistas&#8221; &#8220;No hay ning\u00fan bloqueo humanitario. Eso es una mentira descarada&#8221;, expres\u00f3 el Ministerio de Relaciones Exteriores israel\u00ed en un comunicado. &#8220;En lugar de presionar a los terroristas yihadistas, Macron quiere recompensarlos con un Estado palestino. Sin duda, su d\u00eda nacional ser\u00e1 el 7 de octubre&#8221;, se\u00f1al\u00f3 la canciller\u00eda israel\u00ed en referencia al ataque de 2023 que desencaden\u00f3 el conflicto en Gaza. Francia aumenta sus cr\u00edticas hacia Israel En los \u00faltimos d\u00edas, Macron multiplic\u00f3 sus declaraciones de apoyo a los palestinos. Este viernes, dijo que la Uni\u00f3n Europea (UE) deb\u00eda &#8220;endurecer&#8221; su postura hacia Israel si no mejora la situaci\u00f3n humanitaria en Gaza. &#8220;Si abandonamos Gaza, si consideramos que hay un salvoconducto para Israel, aunque condenemos los ataques terroristas, perderemos nuestra credibilidad&#8221;, agreg\u00f3 en el foro de defensa Shangri-La Dialogue, en Singapur. Francia coorganiza una conferencia internacional en la sede de la ONU en Nueva York con Arabia Saudita, destinada a resucitar la idea de una soluci\u00f3n de dos Estados para el conflicto palestino-israel\u00ed, a la que se opone el gobierno del primer ministro Benjamin Netanyahu. rr afp\/reuters\/dpa<\/p>\n<div class=\"venep-after-content venep-entity-placement\" id=\"venep-1483003737\"><div id=\"venep-2835699758\"><script async src=\"https:\/\/pagead2.googlesyndication.com\/pagead\/js\/adsbygoogle.js?client=ca-pub-5862940809620110\"\r\n     crossorigin=\"anonymous\"><\/script>\r\n<ins class=\"adsbygoogle\"\r\n     style=\"display:block\"\r\n     data-ad-format=\"fluid\"\r\n     data-ad-layout-key=\"-6t+ed+2i-1n-4w\"\r\n     data-ad-client=\"ca-pub-5862940809620110\"\r\n     data-ad-slot=\"7946604715\"><\/ins>\r\n<script>\r\n     (adsbygoogle = window.adsbygoogle || []).push({});\r\n<\/script><\/div><\/div>","protected":false},"excerpt":{"rendered":"<p>&#8220;En lugar de presionar a los terroristas yihadistas, Macron quiere recompensarlos con un Estado palestino&#8221;, dijo el gobierno. El presidente de Francia hab\u00eda dicho que la UE deb\u00eda &#8220;endurecer&#8221; su&hellip; <\/p>\n","protected":false},"author":505,"featured_media":73887,"comment_status":"open","ping_status":"open","sticky":false,"template":"","format":"standard","meta":{"footnotes":""},"categories":[85],"tags":[],"class_list":["post-75055","post","type-post","status-publish","format-standard","has-post-thumbnail","hentry","category-politica"],"_links":{"self":[{"href":"https:\/\/veneportal.com\/noticias\/wp-json\/wp\/v2\/posts\/75055","targetHints":{"allow":["GET"]}}],"collection":[{"href":"https:\/\/veneportal.com\/noticias\/wp-json\/wp\/v2\/posts"}],"about":[{"href":"https:\/\/veneportal.com\/noticias\/wp-json\/wp\/v2\/types\/post"}],"author":[{"embeddable":true,"href":"https:\/\/veneportal.com\/noticias\/wp-json\/wp\/v2\/users\/505"}],"replies":[{"embeddable":true,"href":"https:\/\/veneportal.com\/noticias\/wp-json\/wp\/v2\/comments?post=75055"}],"version-history":[{"count":0,"href":"https:\/\/veneportal.com\/noticias\/wp-json\/wp\/v2\/posts\/75055\/revisions"}],"wp:featuredmedia":[{"embeddable":true,"href":"https:\/\/veneportal.com\/noticias\/wp-json\/wp\/v2\/media\/73887"}],"wp:attachment":[{"href":"https:\/\/veneportal.com\/noticias\/wp-json\/wp\/v2\/media?parent=75055"}],"wp:term":[{"taxonomy":"category","embeddable":true,"href":"https:\/\/veneportal.com\/noticias\/wp-json\/wp\/v2\/categories?post=75055"},{"taxonomy":"post_tag","embeddable":true,"href":"https:\/\/veneportal.com\/noticias\/wp-json\/wp\/v2\/tags?post=75055"}],"curies":[{"name":"wp","href":"https:\/\/api.w.org\/{rel}","templated":true}]}}