{"id":74952,"date":"2025-05-26T12:00:06","date_gmt":"2025-05-26T16:00:06","guid":{"rendered":"https:\/\/veneportal.com\/noticias\/2025\/05\/26\/canciller-merz-critica-recientes-ataques-de-israel-contra-gaza\/"},"modified":"2025-05-26T12:00:06","modified_gmt":"2025-05-26T16:00:06","slug":"canciller-merz-critica-recientes-ataques-de-israel-contra-gaza","status":"publish","type":"post","link":"https:\/\/veneportal.com\/noticias\/2025\/05\/26\/canciller-merz-critica-recientes-ataques-de-israel-contra-gaza\/","title":{"rendered":"Canciller Merz critica recientes ataques de Israel contra Gaza"},"content":{"rendered":"<p>El mandatario alem\u00e1n se\u00f1al\u00f3 que ya no entiende el objetivo del ej\u00e9rcito israel\u00ed al impactar a la poblaci\u00f3n civil.El canciller alem\u00e1n, Friedrich Merz (CDU), critic\u00f3 duramente los recientes ataques del ej\u00e9rcito israel\u00ed en la Franja de Gaza. &#8220;Ya no entiendo qu\u00e9 hace el ej\u00e9rcito israel\u00ed en la Franja de Gaza, con qu\u00e9 objetivo se impacta hasta tal punto a la poblaci\u00f3n civil\u201d, declar\u00f3. Afectar a la poblaci\u00f3n civil de esta manera &#8220;ya no puede justificarse con una lucha contra el terrorismo de Ham\u00e1s\u201d, dijo Merz, agudizando as\u00ed el tono hacia el gobierno israel\u00ed. Responsabilidad hist\u00f3rica Refiri\u00e9ndose a la responsabilidad hist\u00f3rica hacia Israel, Merz dijo que Alemania en particular debe &#8220;contenerse con los consejos p\u00fablicos a Israel, pero cuando se cruzan las fronteras, cuando se viola realmente el derecho internacional humanitario, entonces Alemania, entonces el Canciller Federal alem\u00e1n, tambi\u00e9n debe decir algo al respecto\u201d, dijo Merz en la conferecia de prensa Re:publica, en el &#8220;Europa Forum\u201d de la WDR y a\u00f1adi\u00f3: &#8220;Ahora tenemos que decirlo m\u00e1s claramente\u201d. Hay un gran inter\u00e9s en permanecer del lado de Israel, &#8220;pero el gobierno israel\u00ed no debe hacer nada que sus mejores amigos ya no est\u00e9n dispuestos a aceptar\u201d, dijo el canciller alem\u00e1n. Merz quiere volver a hablar esta semana con el primer ministro israel\u00ed, Benjamin Netanyahu, para tratar el tema de la lucha contra el terrorismo. mn (epd, afp)<\/p>\n<div class=\"venep-after-content venep-entity-placement\" id=\"venep-2581672304\"><div id=\"venep-2630275233\"><a href=\"https:\/\/veneportal.com\/como-aparecer-en-google\/\" aria-label=\"attention-attention (1)\"><img src=\"https:\/\/veneportal.com\/noticias\/wp-content\/uploads\/sites\/2\/2021\/03\/attention-attention-1.png\" alt=\"\"  srcset=\"https:\/\/veneportal.com\/noticias\/wp-content\/uploads\/sites\/2\/2021\/03\/attention-attention-1.png 1747w, https:\/\/veneportal.com\/noticias\/wp-content\/uploads\/sites\/2\/2021\/03\/attention-attention-1-300x213.png 300w, https:\/\/veneportal.com\/noticias\/wp-content\/uploads\/sites\/2\/2021\/03\/attention-attention-1-1024x727.png 1024w, https:\/\/veneportal.com\/noticias\/wp-content\/uploads\/sites\/2\/2021\/03\/attention-attention-1-768x545.png 768w, https:\/\/veneportal.com\/noticias\/wp-content\/uploads\/sites\/2\/2021\/03\/attention-attention-1-1536x1090.png 1536w, https:\/\/veneportal.com\/noticias\/wp-content\/uploads\/sites\/2\/2021\/03\/attention-attention-1-600x426.png 600w\" sizes=\"(max-width: 1747px) 100vw, 1747px\" width=\"600\" height=\"400\"   \/><\/a><\/div><\/div>","protected":false},"excerpt":{"rendered":"<p>El mandatario alem\u00e1n se\u00f1al\u00f3 que ya no entiende el objetivo del ej\u00e9rcito israel\u00ed al impactar a la poblaci\u00f3n civil.El canciller alem\u00e1n, Friedrich Merz (CDU), critic\u00f3 duramente los recientes ataques del&hellip; <\/p>\n","protected":false},"author":505,"featured_media":74953,"comment_status":"open","ping_status":"open","sticky":false,"template":"","format":"standard","meta":{"footnotes":""},"categories":[85],"tags":[],"class_list":["post-74952","post","type-post","status-publish","format-standard","has-post-thumbnail","hentry","category-politica"],"_links":{"self":[{"href":"https:\/\/veneportal.com\/noticias\/wp-json\/wp\/v2\/posts\/74952","targetHints":{"allow":["GET"]}}],"collection":[{"href":"https:\/\/veneportal.com\/noticias\/wp-json\/wp\/v2\/posts"}],"about":[{"href":"https:\/\/veneportal.com\/noticias\/wp-json\/wp\/v2\/types\/post"}],"author":[{"embeddable":true,"href":"https:\/\/veneportal.com\/noticias\/wp-json\/wp\/v2\/users\/505"}],"replies":[{"embeddable":true,"href":"https:\/\/veneportal.com\/noticias\/wp-json\/wp\/v2\/comments?post=74952"}],"version-history":[{"count":0,"href":"https:\/\/veneportal.com\/noticias\/wp-json\/wp\/v2\/posts\/74952\/revisions"}],"wp:featuredmedia":[{"embeddable":true,"href":"https:\/\/veneportal.com\/noticias\/wp-json\/wp\/v2\/media\/74953"}],"wp:attachment":[{"href":"https:\/\/veneportal.com\/noticias\/wp-json\/wp\/v2\/media?parent=74952"}],"wp:term":[{"taxonomy":"category","embeddable":true,"href":"https:\/\/veneportal.com\/noticias\/wp-json\/wp\/v2\/categories?post=74952"},{"taxonomy":"post_tag","embeddable":true,"href":"https:\/\/veneportal.com\/noticias\/wp-json\/wp\/v2\/tags?post=74952"}],"curies":[{"name":"wp","href":"https:\/\/api.w.org\/{rel}","templated":true}]}}