{"id":74949,"date":"2025-05-26T12:00:06","date_gmt":"2025-05-26T16:00:06","guid":{"rendered":"https:\/\/veneportal.com\/noticias\/2025\/05\/26\/zelenski-visitara-berlin-el-miercoles-segun-medios\/"},"modified":"2025-05-26T12:00:06","modified_gmt":"2025-05-26T16:00:06","slug":"zelenski-visitara-berlin-el-miercoles-segun-medios","status":"publish","type":"post","link":"https:\/\/veneportal.com\/noticias\/2025\/05\/26\/zelenski-visitara-berlin-el-miercoles-segun-medios\/","title":{"rendered":"Zelenski visitar\u00e1 Berl\u00edn el mi\u00e9rcoles, seg\u00fan medios"},"content":{"rendered":"<p>Tres semanas despu\u00e9s de la visita del canciller alem\u00e1n Friedrich Merz a Kiev, el presidente ucraniano Volodimir Zelenski ser\u00e1 recibido en la capital germana.El presidente ucraniano, Volodimir Zelenski, visitar\u00e1 Berl\u00edn el mi\u00e9rcoles, seg\u00fan informaciones de medios alemanes de este lunes (26.05.2025) que no han sido confirmadas por el Gobierno alem\u00e1n. Zelenski se reunir\u00e1 con el canciller Friedrich Merz el mi\u00e9rcoles, seg\u00fan la revista &#8220;Der Spiegel&#8221;. En la agenda de las conversaciones entre ambos estar\u00eda el nuevo paquete de sanciones de la Uni\u00f3n Europea (UE) contra Rusia, as\u00ed como aspectos t\u00e9cnicos dirigidos a posibles conversaciones de paz. Zelenski, seg\u00fan la revista editada en Hamburgo, se reunir\u00e1 tambi\u00e9n con el presidente alem\u00e1n, Frank-Walter Steinmeier. Zelenski y Merz podr\u00e1n hablar tambi\u00e9n de nuevos env\u00edos de armas a Ucrania, seg\u00fan la revista &#8220;Focus&#8221;. Con respecto a esto \u00faltimo, el Gobierno germano ha manifestado su intenci\u00f3n de no dar informaciones detalladas a la opini\u00f3n p\u00fablica para evitar que Rusia tenga una ventaja estrat\u00e9gica. Tambi\u00e9n el diario &#8220;S\u00fcddeutsche Zeitung&#8221; informa de la visita de Zelenski que ser\u00eda la primera desde que Merz asumi\u00f3 la canciller\u00eda. Primer encuentro en Kiev Zelenski y Merz ya tuvieron un primer encuentro en Kiev, donde el l\u00edder alem\u00e1n estuvo junto con el presidente franc\u00e9s, Emmanuel Macron, y los primeros ministros del Reino Unido y de Polonia, Keir Starmer y Donald Tusk, respectivamente. Para Zelenski, esta visita ser\u00e1 la primera a Berl\u00edn desde que se reuniera en octubre del a\u00f1o pasado el entonces canciller, Olaf Scholz, y el presidente alem\u00e1n, Frank-Walter Steinmeier. El pasado mes de febrero, el jefe de Estado ucraniano visit\u00f3 Alemania para participar en la Conferencia de Seguridad de M\u00fanich. Merz afirm\u00f3 este lunes que el hecho de que el presidente ruso, Vlad\u00edmir Putin, no haya reaccionado a la oferta de entablar conversaciones con Ucrania mediadas por el Vaticano es un indicio de que la guerra en este pa\u00eds durar\u00e1 mucho m\u00e1s de lo que se imaginaba. &#8220;Aparentemente Putin interpreta las ofertas de di\u00e1logo como se\u00f1al de debilidad&#8221;, dijo Merz en un foro televisivo en el que apunt\u00f3 a que la guerra durar\u00e1 &#8220;mucho m\u00e1s de lo que desear\u00edamos o imagin\u00e1bamos&#8221;. ct (efe, rbb24)<\/p>\n<div class=\"venep-after-content venep-entity-placement\" id=\"venep-2425126752\"><div id=\"venep-3086873410\"><script async src=\"https:\/\/pagead2.googlesyndication.com\/pagead\/js\/adsbygoogle.js?client=ca-pub-5862940809620110\"\r\n     crossorigin=\"anonymous\"><\/script>\r\n<ins class=\"adsbygoogle\"\r\n     style=\"display:block\"\r\n     data-ad-format=\"fluid\"\r\n     data-ad-layout-key=\"-6t+ed+2i-1n-4w\"\r\n     data-ad-client=\"ca-pub-5862940809620110\"\r\n     data-ad-slot=\"7946604715\"><\/ins>\r\n<script>\r\n     (adsbygoogle = window.adsbygoogle || []).push({});\r\n<\/script><\/div><\/div>","protected":false},"excerpt":{"rendered":"<p>Tres semanas despu\u00e9s de la visita del canciller alem\u00e1n Friedrich Merz a Kiev, el presidente ucraniano Volodimir Zelenski ser\u00e1 recibido en la capital germana.El presidente ucraniano, Volodimir Zelenski, visitar\u00e1 Berl\u00edn&hellip; <\/p>\n","protected":false},"author":505,"featured_media":64849,"comment_status":"open","ping_status":"open","sticky":false,"template":"","format":"standard","meta":{"footnotes":""},"categories":[85],"tags":[],"class_list":["post-74949","post","type-post","status-publish","format-standard","has-post-thumbnail","hentry","category-politica"],"_links":{"self":[{"href":"https:\/\/veneportal.com\/noticias\/wp-json\/wp\/v2\/posts\/74949","targetHints":{"allow":["GET"]}}],"collection":[{"href":"https:\/\/veneportal.com\/noticias\/wp-json\/wp\/v2\/posts"}],"about":[{"href":"https:\/\/veneportal.com\/noticias\/wp-json\/wp\/v2\/types\/post"}],"author":[{"embeddable":true,"href":"https:\/\/veneportal.com\/noticias\/wp-json\/wp\/v2\/users\/505"}],"replies":[{"embeddable":true,"href":"https:\/\/veneportal.com\/noticias\/wp-json\/wp\/v2\/comments?post=74949"}],"version-history":[{"count":0,"href":"https:\/\/veneportal.com\/noticias\/wp-json\/wp\/v2\/posts\/74949\/revisions"}],"wp:featuredmedia":[{"embeddable":true,"href":"https:\/\/veneportal.com\/noticias\/wp-json\/wp\/v2\/media\/64849"}],"wp:attachment":[{"href":"https:\/\/veneportal.com\/noticias\/wp-json\/wp\/v2\/media?parent=74949"}],"wp:term":[{"taxonomy":"category","embeddable":true,"href":"https:\/\/veneportal.com\/noticias\/wp-json\/wp\/v2\/categories?post=74949"},{"taxonomy":"post_tag","embeddable":true,"href":"https:\/\/veneportal.com\/noticias\/wp-json\/wp\/v2\/tags?post=74949"}],"curies":[{"name":"wp","href":"https:\/\/api.w.org\/{rel}","templated":true}]}}