{"id":74947,"date":"2025-05-26T04:02:07","date_gmt":"2025-05-26T08:02:07","guid":{"rendered":"https:\/\/veneportal.com\/noticias\/2025\/05\/26\/xabi-alonso-es-oficializado-como-entrenador-del-real-madrid\/"},"modified":"2025-05-26T04:02:07","modified_gmt":"2025-05-26T08:02:07","slug":"xabi-alonso-es-oficializado-como-entrenador-del-real-madrid","status":"publish","type":"post","link":"https:\/\/veneportal.com\/noticias\/2025\/05\/26\/xabi-alonso-es-oficializado-como-entrenador-del-real-madrid\/","title":{"rendered":"Xabi Alonso es oficializado como entrenador del Real Madrid"},"content":{"rendered":"<p>El ext\u00e9cnico de Bayer Leverkusen dirigir\u00e1 a los blancos a partir del 1 de junio, y ser\u00e1 presentado el lunes 26 de mayo en la Ciudad Real Madrid.El club de f\u00fatbol espa\u00f1ol Real Madrid anunci\u00f3 este domingo (25.05.2025) la llegada de Xabi Alonso como reemplazante del italiano Carlo Ancelotti en el banco, en el regreso a la casa blanca tras su etapa como jugador en ese plantel y despu\u00e9s de dar sus primeros pasos como t\u00e9cnico en la cantera blanca, antes de dirigir a la Real Sociedad B y triunfar en el Bayer Leverkusen, de Alemania. &#8220;El Real Madrid C.F. comunica que Xabi Alonso ser\u00e1 el entrenador del Real Madrid las pr\u00f3ximas tres temporadas, desde el 1 de junio de 2025 hasta el 30 de junio de 2028&#8221;, anunci\u00f3 el club en un comunicado, oficializando una informaci\u00f3n que circulaba como rumor desde hace semanas. Alonso triunf\u00f3 en el equipo merengue como jugador y t\u00e9cnico de la cantera, desde donde se march\u00f3 en 2019 y recal\u00f3 en Leverkusen en 2022. En el conjunto alem\u00e1n hizo historia al cortar la hegemon\u00eda del Bayern M\u00fanich en el campeonato alem\u00e1n, ganando la primera Bundesliga en la historia del Leverkusen, en una temporada hist\u00f3rica, la 2023-2024, en la que no perdi\u00f3 ni un solo partido en la competici\u00f3n. Adem\u00e1s, en sus dos a\u00f1os y siete meses en el Bayer, conquist\u00f3 la Copa de Alemania y la Supercopa germana. Ser\u00e1 presentado el lunes &#8220;Xabi Alonso es una de las m\u00e1s grandes leyendas del Real Madrid y del f\u00fatbol mundial. Defendi\u00f3 nuestra camiseta en 236 partidos oficiales, entre 2009 y 2014. Durante ese tiempo gan\u00f3 6 t\u00edtulos: la d\u00e9cima Copa de Europa en Lisboa, 1 Supercopa de Europa, 1 Liga, 2 Copas del Rey y 1 Supercopa de Espa\u00f1a&#8221;, destaca el Real Madrid en su comunicado oficial. El club blanco confirm\u00f3 que Alonso ser\u00e1 presentado el lunes 26 de mayo como nuevo entrenador en un acto que tendr\u00e1 lugar en la Ciudad Real Madrid. Antes, el presidente del club blanco, Florentino P\u00e9rez, recibir\u00e1 a Alonso para el acto protocolar de la firma de su nuevo contrato. Carlo Ancelotti, por su parte, dirigir\u00e1 a la selecci\u00f3n de Brasil a partir del mismo 26 de mayo. DZC (EFE, AFP)<\/p>\n<div class=\"venep-after-content venep-entity-placement\" id=\"venep-2630326849\"><div id=\"venep-2237313878\"><script async src=\"https:\/\/pagead2.googlesyndication.com\/pagead\/js\/adsbygoogle.js?client=ca-pub-5862940809620110\"\r\n     crossorigin=\"anonymous\"><\/script>\r\n<ins class=\"adsbygoogle\"\r\n     style=\"display:block\"\r\n     data-ad-format=\"fluid\"\r\n     data-ad-layout-key=\"-6t+ed+2i-1n-4w\"\r\n     data-ad-client=\"ca-pub-5862940809620110\"\r\n     data-ad-slot=\"7946604715\"><\/ins>\r\n<script>\r\n     (adsbygoogle = window.adsbygoogle || []).push({});\r\n<\/script><\/div><\/div>","protected":false},"excerpt":{"rendered":"<p>El ext\u00e9cnico de Bayer Leverkusen dirigir\u00e1 a los blancos a partir del 1 de junio, y ser\u00e1 presentado el lunes 26 de mayo en la Ciudad Real Madrid.El club de&hellip; <\/p>\n","protected":false},"author":505,"featured_media":74948,"comment_status":"open","ping_status":"open","sticky":false,"template":"","format":"standard","meta":{"footnotes":""},"categories":[68],"tags":[],"class_list":["post-74947","post","type-post","status-publish","format-standard","has-post-thumbnail","hentry","category-deportes"],"_links":{"self":[{"href":"https:\/\/veneportal.com\/noticias\/wp-json\/wp\/v2\/posts\/74947","targetHints":{"allow":["GET"]}}],"collection":[{"href":"https:\/\/veneportal.com\/noticias\/wp-json\/wp\/v2\/posts"}],"about":[{"href":"https:\/\/veneportal.com\/noticias\/wp-json\/wp\/v2\/types\/post"}],"author":[{"embeddable":true,"href":"https:\/\/veneportal.com\/noticias\/wp-json\/wp\/v2\/users\/505"}],"replies":[{"embeddable":true,"href":"https:\/\/veneportal.com\/noticias\/wp-json\/wp\/v2\/comments?post=74947"}],"version-history":[{"count":0,"href":"https:\/\/veneportal.com\/noticias\/wp-json\/wp\/v2\/posts\/74947\/revisions"}],"wp:featuredmedia":[{"embeddable":true,"href":"https:\/\/veneportal.com\/noticias\/wp-json\/wp\/v2\/media\/74948"}],"wp:attachment":[{"href":"https:\/\/veneportal.com\/noticias\/wp-json\/wp\/v2\/media?parent=74947"}],"wp:term":[{"taxonomy":"category","embeddable":true,"href":"https:\/\/veneportal.com\/noticias\/wp-json\/wp\/v2\/categories?post=74947"},{"taxonomy":"post_tag","embeddable":true,"href":"https:\/\/veneportal.com\/noticias\/wp-json\/wp\/v2\/tags?post=74947"}],"curies":[{"name":"wp","href":"https:\/\/api.w.org\/{rel}","templated":true}]}}