{"id":74518,"date":"2025-05-09T00:02:06","date_gmt":"2025-05-09T04:02:06","guid":{"rendered":"https:\/\/veneportal.com\/noticias\/2025\/05\/09\/fumata-blanca-en-el-vaticano-hay-nuevo-papa\/"},"modified":"2025-05-09T00:02:06","modified_gmt":"2025-05-09T04:02:06","slug":"fumata-blanca-en-el-vaticano-hay-nuevo-papa","status":"publish","type":"post","link":"https:\/\/veneportal.com\/noticias\/2025\/05\/09\/fumata-blanca-en-el-vaticano-hay-nuevo-papa\/","title":{"rendered":"Fumata blanca en el Vaticano, hay nuevo papa"},"content":{"rendered":"<p>El humo blanco en la chimenea sobre el tejado de la Capilla Sixtina del Vaticano y el repique de campanas en la bas\u00edlica de San Pedro confirmaron al mundo que la Iglesia cat\u00f3lica tiene ya un nuevo papa.El humo es blanco, hay papa: los cardenales reunidos en la Capilla Sixtina llegaron este jueves (08.05.2025) a un acuerdo sobre qui\u00e9n ser\u00e1 el pr\u00f3ximo l\u00edder espiritual de 1.400 millones de cat\u00f3licos en el mundo. Miles de fieles y curiosos rompieron en aplausos y v\u00edtores en el Vaticano al ver la esperada fumata blanca, que estuvo acompa\u00f1ada del redoble de las campanas de la bas\u00edlica de San Pedro, constataron periodistas de AFP. Todas las miradas est\u00e1n puestas ahora en el balc\u00f3n de la iglesia m\u00e1s grande del mundo para conocer la identidad del 267\u00ba pont\u00edfice y sucesor de Francisco, el primer pont\u00edfice latinoamericano. En los pr\u00f3ximos minutos, el cardenal protodi\u00e1cono, el franc\u00e9s Dominique Mamberti, desvelar\u00e1 su nombre con el anuncio &#8220;Habemus papam&#8221;, antes de que el nuevo pont\u00edfice imparta su bendici\u00f3n &#8220;urbi et orbi&#8221; (A la ciudad y al mundo). Tambi\u00e9n se conocer\u00e1 el nombre con el que reinar\u00e1. ct (afp, efe, ntv)<\/p>\n<div class=\"venep-after-content venep-entity-placement\" id=\"venep-3719066038\"><div id=\"venep-4229843821\"><script async src=\"https:\/\/pagead2.googlesyndication.com\/pagead\/js\/adsbygoogle.js?client=ca-pub-5862940809620110\"\r\n     crossorigin=\"anonymous\"><\/script>\r\n<ins class=\"adsbygoogle\"\r\n     style=\"display:block\"\r\n     data-ad-format=\"fluid\"\r\n     data-ad-layout-key=\"-6t+ed+2i-1n-4w\"\r\n     data-ad-client=\"ca-pub-5862940809620110\"\r\n     data-ad-slot=\"7946604715\"><\/ins>\r\n<script>\r\n     (adsbygoogle = window.adsbygoogle || []).push({});\r\n<\/script><\/div><\/div>","protected":false},"excerpt":{"rendered":"<p>El humo blanco en la chimenea sobre el tejado de la Capilla Sixtina del Vaticano y el repique de campanas en la bas\u00edlica de San Pedro confirmaron al mundo que&hellip; <\/p>\n","protected":false},"author":505,"featured_media":74519,"comment_status":"open","ping_status":"open","sticky":false,"template":"","format":"standard","meta":{"footnotes":""},"categories":[85],"tags":[],"class_list":["post-74518","post","type-post","status-publish","format-standard","has-post-thumbnail","hentry","category-politica"],"_links":{"self":[{"href":"https:\/\/veneportal.com\/noticias\/wp-json\/wp\/v2\/posts\/74518","targetHints":{"allow":["GET"]}}],"collection":[{"href":"https:\/\/veneportal.com\/noticias\/wp-json\/wp\/v2\/posts"}],"about":[{"href":"https:\/\/veneportal.com\/noticias\/wp-json\/wp\/v2\/types\/post"}],"author":[{"embeddable":true,"href":"https:\/\/veneportal.com\/noticias\/wp-json\/wp\/v2\/users\/505"}],"replies":[{"embeddable":true,"href":"https:\/\/veneportal.com\/noticias\/wp-json\/wp\/v2\/comments?post=74518"}],"version-history":[{"count":0,"href":"https:\/\/veneportal.com\/noticias\/wp-json\/wp\/v2\/posts\/74518\/revisions"}],"wp:featuredmedia":[{"embeddable":true,"href":"https:\/\/veneportal.com\/noticias\/wp-json\/wp\/v2\/media\/74519"}],"wp:attachment":[{"href":"https:\/\/veneportal.com\/noticias\/wp-json\/wp\/v2\/media?parent=74518"}],"wp:term":[{"taxonomy":"category","embeddable":true,"href":"https:\/\/veneportal.com\/noticias\/wp-json\/wp\/v2\/categories?post=74518"},{"taxonomy":"post_tag","embeddable":true,"href":"https:\/\/veneportal.com\/noticias\/wp-json\/wp\/v2\/tags?post=74518"}],"curies":[{"name":"wp","href":"https:\/\/api.w.org\/{rel}","templated":true}]}}