{"id":74516,"date":"2025-05-09T00:02:06","date_gmt":"2025-05-09T04:02:06","guid":{"rendered":"https:\/\/veneportal.com\/noticias\/2025\/05\/09\/minuto-a-minuto-el-estadounidense-prevost-es-el-nuevo-papa\/"},"modified":"2025-05-09T00:02:06","modified_gmt":"2025-05-09T04:02:06","slug":"minuto-a-minuto-el-estadounidense-prevost-es-el-nuevo-papa","status":"publish","type":"post","link":"https:\/\/veneportal.com\/noticias\/2025\/05\/09\/minuto-a-minuto-el-estadounidense-prevost-es-el-nuevo-papa\/","title":{"rendered":"Minuto a minuto: el estadounidense Prevost es el nuevo papa"},"content":{"rendered":"<p>En una cuarta votaci\u00f3n, los 133 cardenales reunidos en la Capilla Sixtina escogieron al sucesor de Francisco. Siga aqu\u00ed el minuto a minuto. Fumata blanca en el Vaticano revela que hay un nuevo papa Le\u00f3n XIV pide ayuda para construir puentes de paz, buscar la Justicia y sin miedo El papa Le\u00f3n XIV pidi\u00f3 hoy (08.05.2025) ayuda a la gente para &#8220;construir puentes de paz&#8221; con el objetivo tambi\u00e9n de buscar la Justicia e invit\u00f3 a hacerlo sin miedo y dirigi\u00f3 un saludo de paz en sus primeras palabras desde el balc\u00f3n de la Plaza de San Pedro. (efe) El nuevo papa es el cardenal estadounidense Roberto Francisco Prevost El estadounidense Robert Francis Prevost, de 69 a\u00f1os, se convirti\u00f3 este jueves (08.05.2025) en el sucesor del papa Francisco y en el primer pont\u00edfice norteamericano de la Historia con el nombre de Le\u00f3n XIV, anunci\u00f3 el Vaticano. El 267\u00ba pont\u00edfice de la Iglesia cat\u00f3lica tambi\u00e9n tiene la nacionalidad de Per\u00fa, donde ejerci\u00f3 de misionero y de arzobispo em\u00e9rito de Chiclayo. (efe, afp) La ONU felicita a los cat\u00f3licos y dice que &#8220;espera con ilusi\u00f3n trabajar con el nuevo papa&#8221; El secretario general de la ONU, Ant\u00f3nio Guterres, felicit\u00f3 hoy (08.05.2025) a los cat\u00f3licos del mundo por la elecci\u00f3n del nuevo papa, nada m\u00e1s conocerse la &#8216;fumata blanca&#8217; que indica que el c\u00f3nclave vaticano ya ha encontrado qui\u00e9n suceder\u00e1 al papa Francisco. &#8220;La Organizaci\u00f3n de las Naciones Unidas espera con ilusi\u00f3n trabajar con el nuevo papa&#8221;, dijo el portavoz adjunto del secretario general, Farhan Haq, en su rueda de prensa diaria. (efe) M\u00e1s de 40.000 esperan el Habemus Papam en la plaza de San Pedro M\u00e1s de 40.000 personas, una cifra que est\u00e1 destinada a subir, esperan en la plaza de San Pedro el momento en el que el protodiacono Dominique Mamberti anuncie el &#8216;Habemus Papam&#8217; desde el balc\u00f3n de la logia central de la fachada de la bas\u00edlica vaticana y el nuevo pont\u00edfice salga y se conozca su nombre. Las decenas de miles de personas celebraron con una gran ovaci\u00f3n la fumata blanca que a las 18.08 horas de hoy (16.08 GMT) ha informado de la elecci\u00f3n de un nuevo papa, al cuarto escrutinio. (efe) Fumata blanca y las campanas del Vaticano anuncian la elecci\u00f3n de un nuevo papa El humo blanco en la chimenea sobre el tejado de la Capilla Sixtina del Vaticano y el repique de campanas en la bas\u00edlica de San Pedro confirmaron al mundo que la Iglesia cat\u00f3lica tiene ya un nuevo papa, cuyo nombre a\u00fan no ha sido dado a conocer. Los 133 cardenales encerrados en la Capilla Sixtina para elegir al nuevo papa confirmaron su acuerdo con el humo blanco que emergi\u00f3 a las 18.07 hora locales (-2 GMT) de la chimenea. (efe, afp)<\/p>\n<div class=\"venep-after-content venep-entity-placement\" id=\"venep-691290980\"><div id=\"venep-2798987209\"><a href=\"https:\/\/veneportal.com\/precios-premium\/\" aria-label=\"anuncios digitales $1 veneportal\"><img src=\"https:\/\/veneportal.com\/noticias\/wp-content\/uploads\/sites\/2\/2021\/03\/anuncios-digitals-1.png\" alt=\"anuncios digitales $1 veneportal\"  srcset=\"https:\/\/veneportal.com\/noticias\/wp-content\/uploads\/sites\/2\/2021\/03\/anuncios-digitals-1.png 1748w, https:\/\/veneportal.com\/noticias\/wp-content\/uploads\/sites\/2\/2021\/03\/anuncios-digitals-1-300x213.png 300w, https:\/\/veneportal.com\/noticias\/wp-content\/uploads\/sites\/2\/2021\/03\/anuncios-digitals-1-1024x726.png 1024w, https:\/\/veneportal.com\/noticias\/wp-content\/uploads\/sites\/2\/2021\/03\/anuncios-digitals-1-768x545.png 768w, https:\/\/veneportal.com\/noticias\/wp-content\/uploads\/sites\/2\/2021\/03\/anuncios-digitals-1-1536x1090.png 1536w, https:\/\/veneportal.com\/noticias\/wp-content\/uploads\/sites\/2\/2021\/03\/anuncios-digitals-1-600x426.png 600w\" sizes=\"(max-width: 1748px) 100vw, 1748px\" width=\"1748\" height=\"1240\"   \/><\/a><\/div><\/div>","protected":false},"excerpt":{"rendered":"<p>En una cuarta votaci\u00f3n, los 133 cardenales reunidos en la Capilla Sixtina escogieron al sucesor de Francisco. Siga aqu\u00ed el minuto a minuto. Fumata blanca en el Vaticano revela que&hellip; <\/p>\n","protected":false},"author":505,"featured_media":74517,"comment_status":"open","ping_status":"open","sticky":false,"template":"","format":"standard","meta":{"footnotes":""},"categories":[85],"tags":[],"class_list":["post-74516","post","type-post","status-publish","format-standard","has-post-thumbnail","hentry","category-politica"],"_links":{"self":[{"href":"https:\/\/veneportal.com\/noticias\/wp-json\/wp\/v2\/posts\/74516","targetHints":{"allow":["GET"]}}],"collection":[{"href":"https:\/\/veneportal.com\/noticias\/wp-json\/wp\/v2\/posts"}],"about":[{"href":"https:\/\/veneportal.com\/noticias\/wp-json\/wp\/v2\/types\/post"}],"author":[{"embeddable":true,"href":"https:\/\/veneportal.com\/noticias\/wp-json\/wp\/v2\/users\/505"}],"replies":[{"embeddable":true,"href":"https:\/\/veneportal.com\/noticias\/wp-json\/wp\/v2\/comments?post=74516"}],"version-history":[{"count":0,"href":"https:\/\/veneportal.com\/noticias\/wp-json\/wp\/v2\/posts\/74516\/revisions"}],"wp:featuredmedia":[{"embeddable":true,"href":"https:\/\/veneportal.com\/noticias\/wp-json\/wp\/v2\/media\/74517"}],"wp:attachment":[{"href":"https:\/\/veneportal.com\/noticias\/wp-json\/wp\/v2\/media?parent=74516"}],"wp:term":[{"taxonomy":"category","embeddable":true,"href":"https:\/\/veneportal.com\/noticias\/wp-json\/wp\/v2\/categories?post=74516"},{"taxonomy":"post_tag","embeddable":true,"href":"https:\/\/veneportal.com\/noticias\/wp-json\/wp\/v2\/tags?post=74516"}],"curies":[{"name":"wp","href":"https:\/\/api.w.org\/{rel}","templated":true}]}}