{"id":74513,"date":"2025-05-09T00:02:06","date_gmt":"2025-05-09T04:02:06","guid":{"rendered":"https:\/\/veneportal.com\/noticias\/2025\/05\/09\/minuto-a-minuto-robert-prevost-es-el-nuevo-papa-leon-xiv\/"},"modified":"2025-05-09T00:02:06","modified_gmt":"2025-05-09T04:02:06","slug":"minuto-a-minuto-robert-prevost-es-el-nuevo-papa-leon-xiv","status":"publish","type":"post","link":"https:\/\/veneportal.com\/noticias\/2025\/05\/09\/minuto-a-minuto-robert-prevost-es-el-nuevo-papa-leon-xiv\/","title":{"rendered":"Minuto a minuto: Robert Prevost es el nuevo papa Le\u00f3n XIV"},"content":{"rendered":"<p>En una cuarta votaci\u00f3n, los 133 cardenales reunidos en la Capilla Sixtina escogieron al estadounidense-peruano Robert Francisco Prevost como sucesor de Francisco. Siga aqu\u00ed el minuto a minuto. El nuevo papa es el cardenal estadounidense Robert Francis Prevost y se llamar\u00e1 Le\u00f3n XIV El nuevo papa Le\u00f3n XIV lanza un &#8220;llamado a la paz&#8221; a &#8220;todos los pueblos&#8221; El papa Le\u00f3n XIV saluda en espa\u00f1ol a su antigua di\u00f3cesis de Chiclayo en Per\u00fa Trump considera un gran honor para EE.UU. que Le\u00f3n XIV sea el primer papa estadounidense &#8220;Prevost es peruano, com\u00eda ceviche&#8221;, sacerdotes recuerdan a Le\u00f3n XIV en Lima Robert Prevost es un sacerdote de periferias y lo prueba su etapa en una peque\u00f1a iglesia en la provincia peruana del Callao, uno de los puntos m\u00e1s peligrosos del pa\u00eds andino, donde los sacerdotes que sirvieron con el nuevo papa destacan su sencillez, humildad y capacidad de escucha. &#8220;Estamos contentos y agradecemos a Dios por habernos regalado un papa peruano. \u00c9l es norteamericano pero ha estado en el Per\u00fa y es peruano, aqu\u00ed en el Callao com\u00eda ceviche&#8221;, expres\u00f3 a EFE el p\u00e1rroco de la bas\u00edlica Nuestra Se\u00f1ora del Carmen, V\u00edctor Torres. En esta iglesia amarilla, Le\u00f3n XIV daba misas virtuales y presenciales desde la Pascua de 2020 a mediados de 2021, periodo en el que fue administrador apost\u00f3lico de la Di\u00f3cesis del Callao, donde gestion\u00f3 el periodo de transici\u00f3n de dos obispos en plena pandemia del covid-19. El p\u00e1rroco cuenta que en esos a\u00f1os, el estadounidense estaba la mitad del mes en Callao y la otra mitad en Chiclayo, donde era obispo, pero destaca que cada 15 d\u00edas conduc\u00eda \u00e9l solo durante m\u00e1s de 12 horas para recorrer los 800 kil\u00f3metros que separan ambas localidades. Los sacerdotes dijeron que muchas veces dorm\u00eda en la casa de hermanos o de sus familiares. No le importaba donde quedarse, porque era &#8220;realmente cercano&#8221;. (efe \/gs) Gobierno de Chile valora el &#8220;liderazgo espiritual&#8221; del papa Le\u00f3n XIV tras nombramiento El gobierno de Chile salud\u00f3 el jueves el nombramiento del cardenal estadounidense Robert Francis Prevost como nuevo pont\u00edfice de la Iglesia Cat\u00f3lica, reconociendo en esta elecci\u00f3n &#8220;un hecho de especial importancia para millones de personas en el mundo&#8221;. &#8220;Chile valora el liderazgo espiritual que el Santo Padre ejerce en tiempos de profundos desaf\u00edos globales. Asimismo, reitera su disposici\u00f3n a continuar trabajando en conjunto con la Santa Sede en la promoci\u00f3n de la paz, el di\u00e1logo, el multilateralismo y los valores universales que contribuyen al entendimiento entre los pueblos&#8221;, se\u00f1al\u00f3 la Canciller\u00eda chilena a trav\u00e9s de un comunicado. El Gobierno chileno expres\u00f3 adem\u00e1s &#8220;sus m\u00e1s profundos deseos de \u00e9xito a Su Santidad el Papa Le\u00f3n XIV en la misi\u00f3n espiritual, pastoral y humana que asume a partir de hoy&#8221;. (efe \/ gs) Rep\u00fablica Dominicana recibe con &#8220;j\u00fabilo&#8221; y &#8220;esperanza&#8221; la elecci\u00f3n de Le\u00f3n XIV La Rep\u00fablica Dominicana recibe con &#8220;j\u00fabilo&#8221; y &#8220;esperanza&#8221; la elecci\u00f3n de Su Santidad Le\u00f3n XIV como nuevo papa, afirm\u00f3 el presidente dominicano, Luis Abinader, en su cuenta de X. &#8220;Extendemos nuestras oraciones por su misi\u00f3n pastoral y su liderazgo en favor de la concordia y la solidaridad global&#8221;, afirm\u00f3 el gobernante en un mensaje acompa\u00f1ado de Le\u00f3n XIV, elegido hoy papa en el segundo d\u00eda del c\u00f3nclave celebrado en Roma. La Conferencia del Episcopado Dominicano afirm\u00f3 que la Iglesia cat\u00f3lica recibe con &#8220;alegr\u00eda&#8221; y &#8220;esperanza&#8221; su elecci\u00f3n. &#8220;Elegido por el Esp\u00edritu Santo a trav\u00e9s del Colegio de Cardenales, el nuevo Papa eligi\u00f3 el nombre de Le\u00f3n XIV&#8221;, dijo la entidad. (efe\/ gs) Iglesia uruguaya expresa &#8220;enorme alegr\u00eda&#8221; por la elecci\u00f3n de un papa &#8220;muy cercano&#8221; El vicario general de la Arquidi\u00f3cesis de Montevideo, Gonzalo Est\u00e9vez, expres\u00f3 su &#8220;enorme alegr\u00eda&#8221; por la elecci\u00f3n del cardenal estadounidense Robert Francis Prevost como el nuevo papa, Le\u00f3n XIV, a quien considera un hombre &#8220;muy cercano&#8221; por haber vivido &#8220;la mayor parte de su vida&#8221; en Per\u00fa. As\u00ed lo expres\u00f3 durante una rueda de prensa, en la que dijo que los aplausos y gritos en la Plaza de San Pedro &#8220;cuando apareci\u00f3 el humo y comenz\u00f3 a sonar la campana&#8221; indicaron que &#8220;lo que la Iglesia estaba esperando no era un nombre concreto, sino la alegr\u00eda de saber&#8221; que ya hab\u00eda &#8220;un sucesor de Pedro&#8221;. &#8220;Por supuesto que la alegr\u00eda se redobl\u00f3 cuando vimos la figura del cardenal Prevost apareciendo en el balc\u00f3n luego de que se nos dijera que hab\u00eda sido elegido&#8221;, destac\u00f3 el vicario, cuyas palabras coincidieron con las del comunicado publicado por la Conferencia Episcopal del Uruguay, que transmiti\u00f3 su &#8220;alegr\u00eda y esperanza&#8221; por la elecci\u00f3n. (efe\/ gs) El papa Le\u00f3n XIV comparti\u00f3 art\u00edculos que critican a Trump y Vance Meses antes de ser elegido sumo pont\u00edfice, el papa Le\u00f3n XIV comparti\u00f3 en la red social X art\u00edculos que critican al presidente estadounidense Donald Trump y su vicepresidente JD Vance, sobre todo por sus pol\u00edticas migratorias. En febrero el entonces cardenal Robert Francis Prevost comparti\u00f3 en X un titular y un enlace al art\u00edculo &#8220;JD Vance se equivoca: Jes\u00fas no nos pide que clasifiquemos nuestro amor por los dem\u00e1s&#8221;. El Vaticano confirm\u00f3 que la cuenta es aut\u00e9ntica y pertenece a Prevost, nacido en Chicago pero tambi\u00e9n de nacionalidad peruana. El texto, publicado en la web National Catholic Reporter, cuestiona a Vance por citar la doctrina cat\u00f3lica para apoyar la cancelaci\u00f3n de la ayuda exterior. El difunto papa Francisco ya hab\u00eda criticado p\u00fablicamente esta interpretaci\u00f3n nacionalista. El \u00faltimo mensaje en la cuenta X del nuevo jefe de la Iglesia cat\u00f3lica, subido el 14 de abril, enlaza con el texto de un obispo auxiliar de Washington, de origen salvadore\u00f1o. Este prelado, Evelio Menj\u00edvar-Ayala, critica duramente la pol\u00edtica de expulsiones masivas de migrantes del gobierno estadounidense. (afp\/gs) Oposici\u00f3n nicarag\u00fcense saluda a Le\u00f3n XIV y espera los acompa\u00f1e en sus &#8220;ansias de libertad&#8221; Opositores nicarag\u00fcenses en el exilio felicitaron al cardenal estadounidense Robert Francis Prevost por su elecci\u00f3n como nuevo papa, bajo el nombre de Le\u00f3n XIV, y esperan que los acompa\u00f1e en sus &#8220;ansias de libertad&#8221; por Nicaragua, gobernada por el sandinista Daniel Ortega desde 2007. &#8220;Saludamos a Le\u00f3n XIV, por su designaci\u00f3n como nuevo papa. Lo hacemos desde Nicaragua, pa\u00eds donde la Iglesia Cat\u00f3lica es perseguida por una dictadura totalitaria&#8221;, se\u00f1al\u00f3 en una declaraci\u00f3n el movimiento pol\u00edtico opositor Uni\u00f3n Democr\u00e1tica Renovadora (Unamos). &#8220;Esperamos su acompa\u00f1amiento al pueblo nicarag\u00fcense en sus ansias de libertad&#8221;, agreg\u00f3 Unamos, presidido por Luis Bland\u00f3n e integrado por disidentes sandinistas desnacionalizados y otros opositores. Por su lado, la tambi\u00e9n opositora Unidad Nacional Azul y Blanco tambi\u00e9n salud\u00f3 al nuevo papa Le\u00f3n XIV y dijo que esperan &#8220;que en su pontificado, como representante oficial del Estado Vaticano, mantenga presente al pueblo de Nicaragua perseguido por la dictadura Ortega-Murillo por profesar su fe&#8221;. (efe\/ gs) El antichavismo pide al nuevo papa mantener a Venezuela en sus oraciones La oposici\u00f3n en Venezuela, encabezada por la Plataforma Unitaria Democr\u00e1tica (PUD), se uni\u00f3 este jueves al jubilo de los cat\u00f3licos por la elecci\u00f3n del nuevo papa, Le\u00f3n XIV, a quien pidi\u00f3 que mantenga al pa\u00eds caribe\u00f1o &#8220;en sus oraciones&#8221;. &#8220;Rogamos a Dios Todopoderoso que gu\u00ede su pontificado por senderos de sabidur\u00eda, paz y reconciliaci\u00f3n para toda la humanidad. Con humildad, pedimos que mantenga siempre a nuestro pueblo en sus oraciones y en su coraz\u00f3n pastoral&#8221;, se\u00f1al\u00f3 la PUD en una publicaci\u00f3n en X. El bloque opositor celebr\u00f3 con la frase en lat\u00edn &#8216;\u00a1Habemus Papam!&#8217; la elecci\u00f3n del estadounidense Robert Francis Prevost, quien dirigi\u00f3 hoy un &#8220;saludo de paz&#8221; en sus primeras palabras desde el balc\u00f3n de la Plaza de San Pedro, en la Ciudad del Vaticano. El nombramiento de Prevost, que cuenta tambi\u00e9n con nacionalidad peruana, fue celebrado por otros antichavistas, como el dos veces candidato presidencial y exgobernador Henrique Capriles. (efe\/gs) Lula desea que Le\u00f3n XIV le d\u00e9 continuidad &#8220;al legado de Francisco&#8221; El presidente brasile\u00f1o, Luiz In\u00e1cio Lula da Silva, dese\u00f3 este jueves (08.05.2025) que Le\u00f3n XIV, elegido como nuevo papa, le d\u00e9 &#8220;continuidad al legado&#8221; de Francisco y afirm\u00f3 que el mundo &#8220;no precisa guerras, odio e intolerancia&#8221;. El l\u00edder progresista brasile\u00f1o, muy cercano al fallecido papa argentino, felicit\u00f3 en un mensaje difundido en sus redes sociales al &#8220;cardenal estadounidense Robert Francis Prevost, elegido este jueves para comandar el destino de la Iglesia cat\u00f3lica, con el nombre de Le\u00f3n XIV&#8221;. Lula sostuvo que el mundo precisa &#8220;m\u00e1s solidaridad y humanismo&#8221; y &#8220;m\u00e1s amor al pr\u00f3jimo, que es la base de las ense\u00f1anzas de Cristo&#8221;. (efe) El canciller alem\u00e1n Merz felicita al nuevo papa Le\u00f3n XIV y espera que traiga &#8220;esperanza y orientaci\u00f3n&#8221; El canciller alem\u00e1n, Friedrich Merz, felicit\u00f3 este jueves (08.05.2025) al nuevo papa, el cardenal estadounidense Robert Francis Prevost, que se har\u00e1 llamar Le\u00f3n XIV, por su elecci\u00f3n y manifest\u00f3 la esperanza de que traiga a los creyentes esperanza y orientaci\u00f3n. &#8220;A trav\u00e9s de su cargo en estos tiempos de retos, usted da a millones de creyentes en todo el mundo esperanza y orientaci\u00f3n. Para muchas personas son un ancla de justicia y reconciliaci\u00f3n&#8221;, afirm\u00f3 Merz, a trav\u00e9s de un breve comunicado. &#8220;En Alemania las personas miran su pontificado con confianza y expectaci\u00f3n positiva&#8221;, agreg\u00f3 el canciller democristiano, que fue investido el pasado martes y profesa la fe cat\u00f3lica. (efe, ntv) Cat\u00f3licos defensores de los migrantes en EE.UU. celebran la elecci\u00f3n del nuevo papa La elecci\u00f3n del cardenal Robert Francis Prevost como papa Le\u00f3n XIV, el primer Pont\u00edfice estadounidense, fue celebrada este jueves (08.05.2025) por l\u00edderes cat\u00f3licos en EE.UU. que defienden los derechos de los migrantes, un asunto que puede ser punto de tensi\u00f3n con la Administraci\u00f3n Trump. La cercan\u00eda de Le\u00f3n XIV, quien se ha convertido en el 267 pont\u00edfice de la historia, con su antecesor Franciso y su carrera como misionero y obispo en Per\u00fa indican que el religioso podr\u00eda seguir los pasos del anterior papa en la defensa de los migrantes, seg\u00fan indicaron a EFE dos l\u00edderes cat\u00f3licos radicados en Texas. &#8220;Es una oportunidad \u00fanica y una decisi\u00f3n muy inteligente por parte de los cardenales, conectar al mundo latino con EE.UU.&#8221;, se\u00f1al\u00f3 Antonio Fern\u00e1ndez, director de Caridades Cat\u00f3licas en San Antonio. En un momento en el que el Gobierno del presidente Donald Trump intensifica sus pol\u00edticas antinmigrantes, Fern\u00e1ndez espera que el nuevo papa, de nacionalidad estadounidense, pueda servir de intercesor. (efe) Organizaci\u00f3n contra abusos sexuales en la Iglesia acusa al nuevo papa de encubridor La organizaci\u00f3n SNAP (Red de Sobrevivientes de Abuso por Sacerdotes), dedicada a recopilar casos de abusos sexuales cometidos por sacerdotes y apoyar a las v\u00edctimas, acus\u00f3 este jueves (08.05.2025) al reci\u00e9n elegido papa Le\u00f3n XIV de encubrir casos de abuso mientras fue obispo en Per\u00fa. El grupo emiti\u00f3 un comunicado poco despu\u00e9s de la primera aparici\u00f3n p\u00fablica del pont\u00edfice, en el que denuncian que, primero como provincial de los agustinos y luego como obispo de Chiclayo (Per\u00fa), Le\u00f3n XIV fue consciente de abusos y no actu\u00f3 adecuadamente para enfrentarlos. El comunicado de SNAP se\u00f1ala que, en su rol de provincial de los agustinos, permiti\u00f3 que un sacerdote acusado de abusar de menores, y cuya actividad pastoral hab\u00eda sido restringida desde 1991, residiera en el convento agustino St. John Stone en Chicago (EE.UU) en el a\u00f1o 2000, &#8220;a pesar de su proximidad a una escuela primaria cat\u00f3lica&#8221;. Adem\u00e1s, la organizaci\u00f3n denuncia que, cuando el estadounidense fue obispo de Chiclayo, tres v\u00edctimas presentaron denuncias ante las autoridades civiles en 2022, despu\u00e9s de no ver avances en sus casos dentro de la di\u00f3cesis. (efe) Primeros actos de Le\u00f3n XIV: Misa con los cardenales, el Regina Coeli y audiencia a medios Los primeros actos en la agenda del nuevo papa Le\u00f3n XIV, elegido este jueves (08.05.2025), ser\u00e1n ma\u00f1ana la misa con los cardenales en la Capilla Sixtina, la oraci\u00f3n del Regina Coeli el domingo desde el balc\u00f3n de la logia central de la bas\u00edlica de San Pedro y una audiencia a los representantes de los medios de comunicaci\u00f3n. El portavoz del Vaticano, Matteo Bruni, inform\u00f3 de los que ser\u00e1n los primeros actos del pontificado del primer papa estadounidense de la historia, Robert Francis Prevost, de 69 a\u00f1os, entre los que habr\u00e1, como hizo Francisco, una audiencia con los medios el 12 de mayo en el aula Pablo VI. C\u00f3mo es tradici\u00f3n, el nuevo papa oficiar\u00e1 este viernes a las 11.00 hora local (09.00 GMT) una misa con los cardenales en la Capilla Sixtina, donde se celebr\u00f3 el c\u00f3nclave que le eligi\u00f3 al cuarto escrutinio y en la que podr\u00e1 dar una visi\u00f3n de su Iglesia y mandar un mensaje a los purpurados. El domingo a las 12.00 horas (10.00 GMT) rezar\u00e1 el Regina Coeli, la oraci\u00f3n mariana que se recita durante el tiempo Pascual, que va desde el Domingo de Pascua hasta el Domingo de Pentecost\u00e9s y que sustituye a la oraci\u00f3n \u00c1ngelus y lo har\u00e1 desde el bal\u00f3n central de la fachada de la bas\u00edlica de San Pedro, desde donde hoy se dio a conocer al mundo como Le\u00f3n XIV. Netanyahu desea que el papa Le\u00f3n XIV fomente &#8220;la esperanza y la reconciliaci\u00f3n&#8221; El primer ministro israel\u00ed, Benjam\u00edn Netanyahu, dese\u00f3 al nuevo papa Le\u00f3n XIV, elegido este jueves (08.05.2025) en el segundo d\u00eda del c\u00f3nclave vaticano, que fomente &#8220;la esperanza y la reconciliaci\u00f3n entre todos los creyentes&#8221;. &#8220;Felicidades al Papa Le\u00f3n XIV y a la comunidad cat\u00f3lica mundial. Deseo al primer papa de los Estados Unidos \u00e9xito en el fomento de la esperanza y la reconciliaci\u00f3n entre todos los creyentes&#8221;, dijo Netanyahu, seg\u00fan un breve comunicado difundido por su oficina tras la elecci\u00f3n del cardenal estadounidense Robert Francis Prevost, elegido este jueves como el pont\u00edfice 267 de la historia. (efe) Boluarte: Prevost se nacionaliz\u00f3 peruano como expresi\u00f3n de profundo amor por el Per\u00fa La presidenta de Per\u00fa, Dina Boluarte, asegur\u00f3 este jueves (08.05.2025) que Robert Prevost, elegido como el pont\u00edfice 267 de la historia, obtuvo la nacionalidad peruana &#8220;como expresi\u00f3n de su profundo amor&#8221; por el pa\u00eds suramericano. &#8220;Se nacionaliz\u00f3 peruano, a partir de 2015, como expresi\u00f3n de su profundo amor por el Per\u00fa, pa\u00eds donde entreg\u00f3 gran parte de su vida religiosa al servicio de los m\u00e1s humildes. En nuestras tierras sembr\u00f3 esperanza, camin\u00f3 junto a los m\u00e1s necesitados y comparti\u00f3 las alegr\u00edas de nuestro pueblo&#8221;, dijo la mandataria en una alocuci\u00f3n sobre Le\u00f3n XIV. (efe, rpp) Gobierno espa\u00f1ol garantiza relaci\u00f3n de &#8220;lealtad, acuerdos y di\u00e1logo&#8221; con el papa Le\u00f3n XIV El Gobierno espa\u00f1ol tendr\u00e1 una relaci\u00f3n con el nuevo papa &#8220;de cooperaci\u00f3n, lealtad, respeto y di\u00e1logo&#8221;, afirm\u00f3 hoy (08.05.2025) el ministro de la Presidencia, F\u00e9lix Bola\u00f1os, que se ha mostrado convencido de que llegar\u00e1n a acuerdos con Le\u00f3n XIV, a quien ha considerado en la l\u00ednea del legado del papa Francisco. &#8220;Llegaremos a acuerdos en el nuevo papado porque desde luego, el acercamiento que hacemos desde el Gobierno de Espa\u00f1a es buscar siempre puntos de equilibrio, es tender puentes de entendimiento, como ha dicho el Papa Le\u00f3n XIV en su primera alocuci\u00f3n&#8221;, ha se\u00f1alado el ministro en declaraciones a la cadena p\u00fablica Televisi\u00f3n Espa\u00f1ola. (efe)<\/p>\n<div class=\"venep-after-content venep-entity-placement\" id=\"venep-134623086\"><div id=\"venep-2337277556\"><a href=\"https:\/\/www.silverstarfinancialservices.com\/\" aria-label=\"silverstar financial\"><img src=\"https:\/\/veneportal.com\/noticias\/wp-content\/uploads\/sites\/2\/2022\/06\/silverstar-financial-2.png\" alt=\"silverstar financial\"  srcset=\"https:\/\/veneportal.com\/noticias\/wp-content\/uploads\/sites\/2\/2022\/06\/silverstar-financial-2.png 1748w, https:\/\/veneportal.com\/noticias\/wp-content\/uploads\/sites\/2\/2022\/06\/silverstar-financial-2-300x213.png 300w, https:\/\/veneportal.com\/noticias\/wp-content\/uploads\/sites\/2\/2022\/06\/silverstar-financial-2-1024x726.png 1024w, https:\/\/veneportal.com\/noticias\/wp-content\/uploads\/sites\/2\/2022\/06\/silverstar-financial-2-768x545.png 768w, https:\/\/veneportal.com\/noticias\/wp-content\/uploads\/sites\/2\/2022\/06\/silverstar-financial-2-1536x1090.png 1536w, https:\/\/veneportal.com\/noticias\/wp-content\/uploads\/sites\/2\/2022\/06\/silverstar-financial-2-600x426.png 600w\" sizes=\"(max-width: 1748px) 100vw, 1748px\" width=\"559\" height=\"397\"   \/><\/a><\/div><\/div>","protected":false},"excerpt":{"rendered":"<p>En una cuarta votaci\u00f3n, los 133 cardenales reunidos en la Capilla Sixtina escogieron al estadounidense-peruano Robert Francisco Prevost como sucesor de Francisco. Siga aqu\u00ed el minuto a minuto. El nuevo&hellip; <\/p>\n","protected":false},"author":505,"featured_media":74514,"comment_status":"open","ping_status":"open","sticky":false,"template":"","format":"standard","meta":{"footnotes":""},"categories":[85],"tags":[],"class_list":["post-74513","post","type-post","status-publish","format-standard","has-post-thumbnail","hentry","category-politica"],"_links":{"self":[{"href":"https:\/\/veneportal.com\/noticias\/wp-json\/wp\/v2\/posts\/74513","targetHints":{"allow":["GET"]}}],"collection":[{"href":"https:\/\/veneportal.com\/noticias\/wp-json\/wp\/v2\/posts"}],"about":[{"href":"https:\/\/veneportal.com\/noticias\/wp-json\/wp\/v2\/types\/post"}],"author":[{"embeddable":true,"href":"https:\/\/veneportal.com\/noticias\/wp-json\/wp\/v2\/users\/505"}],"replies":[{"embeddable":true,"href":"https:\/\/veneportal.com\/noticias\/wp-json\/wp\/v2\/comments?post=74513"}],"version-history":[{"count":0,"href":"https:\/\/veneportal.com\/noticias\/wp-json\/wp\/v2\/posts\/74513\/revisions"}],"wp:featuredmedia":[{"embeddable":true,"href":"https:\/\/veneportal.com\/noticias\/wp-json\/wp\/v2\/media\/74514"}],"wp:attachment":[{"href":"https:\/\/veneportal.com\/noticias\/wp-json\/wp\/v2\/media?parent=74513"}],"wp:term":[{"taxonomy":"category","embeddable":true,"href":"https:\/\/veneportal.com\/noticias\/wp-json\/wp\/v2\/categories?post=74513"},{"taxonomy":"post_tag","embeddable":true,"href":"https:\/\/veneportal.com\/noticias\/wp-json\/wp\/v2\/tags?post=74513"}],"curies":[{"name":"wp","href":"https:\/\/api.w.org\/{rel}","templated":true}]}}