{"id":74507,"date":"2025-05-09T00:02:06","date_gmt":"2025-05-09T04:02:06","guid":{"rendered":"https:\/\/veneportal.com\/noticias\/2025\/05\/09\/las-raices-latinoamericanas-del-nuevo-papa-leon-xiv\/"},"modified":"2025-05-09T00:02:06","modified_gmt":"2025-05-09T04:02:06","slug":"las-raices-latinoamericanas-del-nuevo-papa-leon-xiv","status":"publish","type":"post","link":"https:\/\/veneportal.com\/noticias\/2025\/05\/09\/las-raices-latinoamericanas-del-nuevo-papa-leon-xiv\/","title":{"rendered":"Las ra\u00edces latinoamericanas del nuevo papa, Le\u00f3n XIV"},"content":{"rendered":"<p>El estadounidense Robert Francis Prevost no s\u00f3lo fue obispo de Chiclayo, en Per\u00fa, sino que presidi\u00f3 la Pontificia Comisi\u00f3n para Am\u00e9rica Latina. Mucho hace suponer que seguir\u00e1 la senda de Francisco.Le\u00f3n XIV es el nombre que ha escogido el nuevo sumo Pont\u00edfice de la Iglesia cat\u00f3lica. En Per\u00fa, ya antes de su elecci\u00f3n, era contado entre los favoritos para convertirse en el sucesor del papa Francisco. Y es que el cardenal estadounidense Robert Francis Prevost Mart\u00ednez, nacido en Chicago en 1955, tiene tambi\u00e9n la nacionalidad peruana, seg\u00fan destacan algunos medios de ese pa\u00eds. La obtuvo en 2015, a\u00f1o en que el papa Francisco lo nombr\u00f3 obispo de Chiclayo. Durante el pontificado de Francisco, Prevost fue prefecto del Dicasterio para los Obispos y presidi\u00f3 la Pontifica Comisi\u00f3n para Am\u00e9rica Latina. En los dos \u00faltimos a\u00f1os tuvo un papel destacado en la nominaci\u00f3n de obispos en todo el mundo. Y tambi\u00e9n correspondieron a su \u00e1rea de trabajo las visitas ad liminina que realizan los obispos regularmente al Vaticano para informar de lo que ocurre en sus iglesias locales. De esta manera, se convirti\u00f3 en uno de los rostros m\u00e1s conocidos del colegio cardenalicio, que nunca antes hab\u00eda estado conformado por representantes de tantos pa\u00edses del mundo. Entre Per\u00fa y Estados Unidos Prevost es considerado diplom\u00e1tico y pragm\u00e1tico, y es apreciado tanto por sectores progresistas como conservadores de la Iglesia. En 1977 ingres\u00f3 a la Orden de San Agust\u00edn y fue enviado a estudiar derecho can\u00f3nico a Roma. A continuaci\u00f3n, su Orden lo envi\u00f3 a Per\u00fa como misionero. Hasta los inicios de la d\u00e9cada de 2000, tuvo diversas funciones, tanto en Per\u00fa como en Estados Unidos, y se ocup\u00f3 principalmente de la formaci\u00f3n de j\u00f3venes sacerdotes. Tras haber dirigido el obispado de Chiclayo y haber sido segundo vicepresidente de la Conferencia Episcopal peruana, regres\u00f3 nuevamente a Roma a comienzos de 2023, donde viv\u00eda hasta ahora en una sede de su Orden, en las cercan\u00edas del Vaticano. Fue en Per\u00fa donde lo conoci\u00f3 el papa Francisco, quien le encomend\u00f3 su funci\u00f3n en el Vaticano y lo hizo cardenal, en septiembre de 2023. Su cercan\u00eda con su predecesor hace pensar que seguir\u00e1 su l\u00ednea hacia una Iglesia con mayor participaci\u00f3n de todos los creyentes. Y probablemente tambi\u00e9n querr\u00e1 hacer suyo el estilo sencillo y cercano a la gente del fallecido Papa argentino. (ms)<\/p>\n<div class=\"venep-after-content venep-entity-placement\" id=\"venep-2027752061\"><div id=\"venep-3367758069\"><a href=\"https:\/\/veneportal.com\/clasificados\/listing\/regina-nails-by-regina-lugo\/\" aria-label=\"regina nails\"><img src=\"https:\/\/veneportal.com\/noticias\/wp-content\/uploads\/sites\/2\/2021\/07\/7.png\" alt=\"regina nails\"  width=\"300\" height=\"250\"   \/><\/a><\/div><\/div>","protected":false},"excerpt":{"rendered":"<p>El estadounidense Robert Francis Prevost no s\u00f3lo fue obispo de Chiclayo, en Per\u00fa, sino que presidi\u00f3 la Pontificia Comisi\u00f3n para Am\u00e9rica Latina. Mucho hace suponer que seguir\u00e1 la senda de&hellip; <\/p>\n","protected":false},"author":505,"featured_media":74508,"comment_status":"open","ping_status":"open","sticky":false,"template":"","format":"standard","meta":{"footnotes":""},"categories":[85],"tags":[],"class_list":["post-74507","post","type-post","status-publish","format-standard","has-post-thumbnail","hentry","category-politica"],"_links":{"self":[{"href":"https:\/\/veneportal.com\/noticias\/wp-json\/wp\/v2\/posts\/74507","targetHints":{"allow":["GET"]}}],"collection":[{"href":"https:\/\/veneportal.com\/noticias\/wp-json\/wp\/v2\/posts"}],"about":[{"href":"https:\/\/veneportal.com\/noticias\/wp-json\/wp\/v2\/types\/post"}],"author":[{"embeddable":true,"href":"https:\/\/veneportal.com\/noticias\/wp-json\/wp\/v2\/users\/505"}],"replies":[{"embeddable":true,"href":"https:\/\/veneportal.com\/noticias\/wp-json\/wp\/v2\/comments?post=74507"}],"version-history":[{"count":0,"href":"https:\/\/veneportal.com\/noticias\/wp-json\/wp\/v2\/posts\/74507\/revisions"}],"wp:featuredmedia":[{"embeddable":true,"href":"https:\/\/veneportal.com\/noticias\/wp-json\/wp\/v2\/media\/74508"}],"wp:attachment":[{"href":"https:\/\/veneportal.com\/noticias\/wp-json\/wp\/v2\/media?parent=74507"}],"wp:term":[{"taxonomy":"category","embeddable":true,"href":"https:\/\/veneportal.com\/noticias\/wp-json\/wp\/v2\/categories?post=74507"},{"taxonomy":"post_tag","embeddable":true,"href":"https:\/\/veneportal.com\/noticias\/wp-json\/wp\/v2\/tags?post=74507"}],"curies":[{"name":"wp","href":"https:\/\/api.w.org\/{rel}","templated":true}]}}