{"id":7391,"date":"2021-11-05T06:00:02","date_gmt":"2021-11-05T10:00:02","guid":{"rendered":"https:\/\/veneportal.com\/noticias\/2021\/11\/05\/corte-constitucional-de-ecuador-reduce-estado-de-excepcion\/"},"modified":"2021-11-05T06:00:02","modified_gmt":"2021-11-05T10:00:02","slug":"corte-constitucional-de-ecuador-reduce-estado-de-excepcion","status":"publish","type":"post","link":"https:\/\/veneportal.com\/noticias\/2021\/11\/05\/corte-constitucional-de-ecuador-reduce-estado-de-excepcion\/","title":{"rendered":"Corte Constitucional de Ecuador reduce estado de excepci\u00f3n"},"content":{"rendered":"<p>Adicionalmente, dijo que la vigencia del estado de excepci\u00f3n se limitar\u00e1 al combate de la delincuencia y debe respetar &#8220;el derecho ciudadano a la protesta social&#8221;.La Corte Constitucional de Ecuador redujo este jueves (04.11.2021) a 30 d\u00edas -la mitad del tiempo previsto- y condicion\u00f3 el estado de excepci\u00f3n que el presidente del pa\u00eds, Guillermo Lasso, decret\u00f3 el pasado 18 de octubre para frenar el auge de la delincuencia y en un momento en que soportaba amenazas de protestas contra su Gobierno.<\/p>\n<p>El pleno de la Corte Constitucional resolvi\u00f3 &#8220;condicionar&#8221; el decreto ejecutivo con el que Lasso aplic\u00f3 el estado de excepci\u00f3n ante lo que consider\u00f3 como &#8220;grave conmoci\u00f3n interna debido al aumento en la actividad delictiva&#8221;. En su fallo, consider\u00f3 que en el decreto ejecutivo no se justific\u00f3 el tiempo de extensi\u00f3n de la medida excepcional a 60 d\u00edas, por lo que limit\u00f3 ese periodo a 30 d\u00edas.<\/p>\n<p>Adem\u00e1s, al prever que el gobernante podr\u00eda prorrogar el estado de excepci\u00f3n, el m\u00e1ximo organismo de control constitucional advirti\u00f3 de que ello deber\u00eda &#8220;contar con la fundamentaci\u00f3n suficiente para que proceda&#8221;. Asimismo, indic\u00f3 que el \u00e1mbito de la medida -que el presidente Lasso asegur\u00f3 era de car\u00e1cter nacional- regir\u00e1 solo en las provincias en las que el mandatario justific\u00f3 su declaratoria: El Oro, Guayas, Santa Elena, Manab\u00ed, Los R\u00edos, Esmeraldas, Santo Domingo de los Ts\u00e1chilas, Pichincha y Sucumb\u00edos.<\/p>\n<p>Tambi\u00e9n, la Corte Constitucional dispuso que la movilizaci\u00f3n de las Fuerzas Armadas, ordenada en el decreto ejecutivo, se restrinja a operaciones en los que esa instituci\u00f3n cumpla &#8220;exclusivamente funciones complementarias a las de la Polic\u00eda&#8221;, que est\u00e9 plenamente justificada y respete el principio de proporcionalidad. Adicionalmente, afirm\u00f3 que la vigencia del estado de excepci\u00f3n se limitar\u00e1 a los fines establecidos en el correspondiente decreto, sobre todo en el combate al auge de la delincuencia, y respete &#8220;el derecho ciudadano a la protesta social&#8221;.<\/p>\n<p>La entidad pidi\u00f3 al presidente Lasso que -cuando concluya el per\u00edodo de vigencia del estado de excepci\u00f3n- remita a ese tribunal un informe en el que se precisen las &#8220;medidas concretas adoptadas para superar la crisis por el desbordamiento de actos delictivos&#8221;. Dicho informe debe relatar &#8220;las medidas que se adoptar\u00e1n a corto, mediano y largo plazo a efecto de fortalecer el sistema de seguridad interna&#8221;.<\/p>\n<p>La Corte record\u00f3 que el objetivo final del estado de excepci\u00f3n es &#8220;garantizar el orden p\u00fablico, la paz social y la convivencia pac\u00edfica de los ciudadanos&#8221;, por lo que la actuaci\u00f3n de la Polic\u00eda y Fuerzas Armadas debe enmarcarse en &#8220;los est\u00e1ndares de uso progresivo de la fuerza y en el respeto a los derechos humanos de toda la poblaci\u00f3n&#8221;.<\/p>\n<p>Finalmente, dispuso que la Defensor\u00eda del Pueblo realice &#8220;el seguimiento a las acciones que corresponden al estado de excepci\u00f3n&#8221; y, si verifica eventuales violaciones a derechos constitucionales, debe &#8220;activar los mecanismos y acciones necesarias previstas en el ordenamiento jur\u00eddico&#8221;.<\/p>\n<p>ama (efe, afp)<\/p>\n<div class=\"venep-after-content venep-entity-placement\" id=\"venep-2953404228\"><div id=\"venep-3109366629\"><a href=\"https:\/\/www.silverstarfinancialservices.com\/\" aria-label=\"silverstar financial\"><img src=\"https:\/\/veneportal.com\/noticias\/wp-content\/uploads\/sites\/2\/2022\/06\/silverstar-financial-2.png\" alt=\"silverstar financial\"  srcset=\"https:\/\/veneportal.com\/noticias\/wp-content\/uploads\/sites\/2\/2022\/06\/silverstar-financial-2.png 1748w, https:\/\/veneportal.com\/noticias\/wp-content\/uploads\/sites\/2\/2022\/06\/silverstar-financial-2-300x213.png 300w, https:\/\/veneportal.com\/noticias\/wp-content\/uploads\/sites\/2\/2022\/06\/silverstar-financial-2-1024x726.png 1024w, https:\/\/veneportal.com\/noticias\/wp-content\/uploads\/sites\/2\/2022\/06\/silverstar-financial-2-768x545.png 768w, https:\/\/veneportal.com\/noticias\/wp-content\/uploads\/sites\/2\/2022\/06\/silverstar-financial-2-1536x1090.png 1536w, https:\/\/veneportal.com\/noticias\/wp-content\/uploads\/sites\/2\/2022\/06\/silverstar-financial-2-600x426.png 600w\" sizes=\"(max-width: 1748px) 100vw, 1748px\" width=\"559\" height=\"397\"   \/><\/a><\/div><\/div>","protected":false},"excerpt":{"rendered":"<p>Adicionalmente, dijo que la vigencia del estado de excepci\u00f3n se limitar\u00e1 al combate de la delincuencia y debe respetar &#8220;el derecho ciudadano a la protesta social&#8221;.La Corte Constitucional de Ecuador&hellip; <\/p>\n","protected":false},"author":505,"featured_media":7392,"comment_status":"open","ping_status":"open","sticky":false,"template":"","format":"standard","meta":{"footnotes":""},"categories":[81],"tags":[],"class_list":["post-7391","post","type-post","status-publish","format-standard","has-post-thumbnail","hentry","category-actualidad"],"_links":{"self":[{"href":"https:\/\/veneportal.com\/noticias\/wp-json\/wp\/v2\/posts\/7391","targetHints":{"allow":["GET"]}}],"collection":[{"href":"https:\/\/veneportal.com\/noticias\/wp-json\/wp\/v2\/posts"}],"about":[{"href":"https:\/\/veneportal.com\/noticias\/wp-json\/wp\/v2\/types\/post"}],"author":[{"embeddable":true,"href":"https:\/\/veneportal.com\/noticias\/wp-json\/wp\/v2\/users\/505"}],"replies":[{"embeddable":true,"href":"https:\/\/veneportal.com\/noticias\/wp-json\/wp\/v2\/comments?post=7391"}],"version-history":[{"count":0,"href":"https:\/\/veneportal.com\/noticias\/wp-json\/wp\/v2\/posts\/7391\/revisions"}],"wp:featuredmedia":[{"embeddable":true,"href":"https:\/\/veneportal.com\/noticias\/wp-json\/wp\/v2\/media\/7392"}],"wp:attachment":[{"href":"https:\/\/veneportal.com\/noticias\/wp-json\/wp\/v2\/media?parent=7391"}],"wp:term":[{"taxonomy":"category","embeddable":true,"href":"https:\/\/veneportal.com\/noticias\/wp-json\/wp\/v2\/categories?post=7391"},{"taxonomy":"post_tag","embeddable":true,"href":"https:\/\/veneportal.com\/noticias\/wp-json\/wp\/v2\/tags?post=7391"}],"curies":[{"name":"wp","href":"https:\/\/api.w.org\/{rel}","templated":true}]}}