{"id":73254,"date":"2025-03-22T12:00:06","date_gmt":"2025-03-22T16:00:06","guid":{"rendered":"https:\/\/veneportal.com\/noticias\/2025\/03\/22\/covid-5-anos-del-confinamiento-en-alemania\/"},"modified":"2025-03-22T12:00:06","modified_gmt":"2025-03-22T16:00:06","slug":"covid-5-anos-del-confinamiento-en-alemania","status":"publish","type":"post","link":"https:\/\/veneportal.com\/noticias\/2025\/03\/22\/covid-5-anos-del-confinamiento-en-alemania\/","title":{"rendered":"COVID: 5 a\u00f1os del confinamiento en Alemania"},"content":{"rendered":"<p>El 22 de marzo de 2020 casi todas las tiendas, negocios y escuelas cerraron para contener el mortal coronavirus. La respuesta sigue dividiendo a Alemania hasta hoy.En domingo, la mayor\u00eda de la gente tiene el d\u00eda libre. El fin de semana es para relajarse, pasear y reunirse con familiares y amigos. Pero el silencio de aquel domingo, 22 de marzo de 2020, era enga\u00f1oso, inquietante, casi fantasmal. Alemania estaba confinada por el coronavirus. Era la primera vez que los pol\u00edticos alemanes impon\u00edan restricciones tan estrictas para controlar la enfermedad respiratoria que se estaba propagando por todo el mundo.<\/p>\n<p>Siete millones de muertos en todo el mundo, 187.000 en Alemania<\/p>\n<p>El muy contagioso coronavirus, tambi\u00e9n conocido como Sars-Cov2, estaba paralizando pr\u00e1cticamente la vida social y econ\u00f3mica en todo el mundo. Durante unos tres a\u00f1os se estar\u00edan adoptando en todo el mundo restricciones m\u00e1s o menos estrictas. A pesar de las cuales, casi siete millones de personas murieron por la enfermedad, el covid-19. En Alemania fueron 187.000. Las \u00faltimas restricciones relacionadas con el coronavirus, como la obligaci\u00f3n de llevar mascarilla en determinadas instalaciones, no finalizar\u00edan tras varios amagos hasta abril de 2023.<\/p>\n<p>Sin embargo, la enfermedad no ha desaparecido; al contrario, la gente sigue enfermando a causa del virus, que muta constantemente, pero que ahora es menos peligroso para la mayor\u00eda de la gente. Muchos sufren efectos duraderos, los llamados post-covid o long-covid, pero tambi\u00e9n da\u00f1os causados \u200b\u200bpor las vacunas. Y todav\u00eda no hay una reevaluaci\u00f3n social ni pol\u00edtica integral. Una persona que viene criticando esto desde hace tiempo es el jefe de Estado alem\u00e1n, el presidente federal Frank-Walter Steinmeier.<\/p>\n<p>Steinmeier esperaba m\u00e1s del Bundestag<\/p>\n<p>&#8220;La gente de nuestro pa\u00eds espera que abordemos este per\u00edodo con rigor&#8221;, declar\u00f3 recientemente el presidente federal en una mesa redonda que \u00e9l mismo inici\u00f3 sobre las consecuencias y las lecciones aprendidas de la pandemia. Lament\u00f3 que el Bundestag alem\u00e1n (Parlamento) hubiera evitado en gran medida esta cuesti\u00f3n durante el per\u00edodo legislativo que acaba de terminar.<\/p>\n<p>&#8220;Sostengo que es esencial que se establezca la transparencia para que podamos recuperar al mayor n\u00famero posible de personas entre quienes dudaron de la democracia y de las instituciones durante la pandemia&#8221;, enfatiz\u00f3 Steinmeier. Fueron necesarias muchas restricciones para detener la propagaci\u00f3n de la enfermedad. Desafortunadamente, esto tambi\u00e9n signific\u00f3 reducir los contactos interpersonales tanto como fuera posible. Sin embargo, el presidente federal tiene muchas preguntas acuciantes.<\/p>\n<p>&#8220;\u00bfQu\u00e9 papel jug\u00f3 la pol\u00edtica, qu\u00e9 papel jug\u00f3 el asesoramiento cient\u00edfico?&#8221;<\/p>\n<p>&#8220;\u00bfFueron necesarios los generalizados cierres de escuelas? \u00bfEran imprescindibles las restricciones a derechos fundamentales como la libertad de reuni\u00f3n? \u00bfFue la discusi\u00f3n, que mantuvimos aqu\u00ed en Alemania sobre la vacunaci\u00f3n obligatoria, m\u00e1s bien perjudicial? \u00bfQu\u00e9 papel desempe\u00f1aron la pol\u00edtica, el asesoramiento cient\u00edfico y qu\u00e9 papel deber\u00edan desempe\u00f1ar en situaciones similares en el futuro?<\/p>\n<p>Steinmeier recibi\u00f3 respuestas de sus invitados de los m\u00e1s diversos campos: medicina, educaci\u00f3n, investigaci\u00f3n, enfermer\u00eda, deportes, cultura, pol\u00edtica. Maxi Brautmeier-Ulrich, directora de una escuela primaria en Paderborn (Renania del Norte-Westfalia), como muchos otros participantes en el debate, destac\u00f3 la creatividad que hubo que echar al principio para hacer posible la ense\u00f1anza digital a distancia, por ejemplo. Pero en alg\u00fan momento se lleg\u00f3 a la extenuaci\u00f3n.<\/p>\n<p>&#8220;Los temores siguen ah\u00ed hoy&#8221;<\/p>\n<p>&#8220;Los que sufrieron tambi\u00e9n fueron sobre todo los ni\u00f1os y los j\u00f3venes&#8221;, destac\u00f3 la educadora. Ella nota las consecuencias hasta el d\u00eda de hoy. La confianza en las escuelas y en el sistema educativo ha quedado da\u00f1ada permanentemente. La raz\u00f3n: las familias de repente tuvieron que hacer muchas cosas por su cuenta, adem\u00e1s de su propio trabajo. La conclusi\u00f3n de Brautmeier-Ulrich: &#8220;Estos temores siguen existiendo hoy en d\u00eda&#8221;.<\/p>\n<p>La directora resume las lecciones de la pandemia en una sola exigencia: &#8220;B\u00e1sicamente, los ni\u00f1os necesitan mucha m\u00e1s atenci\u00f3n, ahora y siempre&#8221;. Es imposible compensar el da\u00f1o y las experiencias perdidas. Su observaci\u00f3n despu\u00e9s del final de la pandemia: Muchos ni\u00f1os tienen d\u00e9ficits en el lenguaje, provocados por el uso prolongado de mascarillas y el mayor consumo de medios digitales.<\/p>\n<p>La mayor\u00eda de los muertos ten\u00eda 80 a\u00f1os o m\u00e1s<\/p>\n<p>Astrid Thiele-J\u00e8rome gestiona una residencia de ancianos en el distrito de Warendorf (Renania del Norte-Westfalia). Vio morir a mucha gente durante las peores fases de la pandemia. Casi la mitad de los 187.000 muertos en Alemania ten\u00eda 80 a\u00f1os o m\u00e1s. En aquella \u00e9poca, a veces se prohib\u00eda a los familiares entrar en la residencia. Eso le duele todav\u00eda hoy a Thiele-J\u00e8rome, ni siquiera sus empleados lo entend\u00edan.<\/p>\n<p>&#8220;Si yo puedo entrar a las habitaciones con ropa de protecci\u00f3n \u2014con mi traje, mi tapabocas, mi visor\u2014, \u00bfpor qu\u00e9 no se lo permiten a los familiares?&#8221;, se preguntaban los cuidadores. &#8220;Y entonces abr\u00edamos la ventana y los dej\u00e1bamos entrar para que se despidieran&#8221;. Pero esto s\u00f3lo fue posible porque las ventanas de la planta baja de su residencia de ancianos llegan hasta el suelo.<\/p>\n<p>Turnos de doce horas en una residencia de ancianos<\/p>\n<p>Durante el encuentro con el presidente federal se escuch\u00f3 con especial frecuencia una palabra: solidaridad. &#8220;Fue realmente incre\u00edble&#8221;, recuerda Thiel-J\u00e8rome, recordando la solidaridad de su equipo, que atend\u00eda a personas mayores y, por tanto, especialmente vulnerables, en turnos de doce horas. El anfitri\u00f3n, Steinmeier, tambi\u00e9n elogi\u00f3 repetidamente la solidaridad generalizada en Alemania.<\/p>\n<p>Al mismo tiempo, enfatiz\u00f3 continuamente lo importante que es para \u00e9l una revisi\u00f3n cr\u00edtica: cree que es muy importante repasar lo que sali\u00f3 bien y lo que sali\u00f3 menos bien. Sin embargo, no hay que olvidar que muchas medidas se adoptaron bas\u00e1ndose en los conocimientos disponibles en aquel momento. &#8220;Y siempre se trat\u00f3 de un mismo objetivo: salvar tantas vidas humanas como fuera posible. En definitiva, lo conseguimos&#8221;, concluy\u00f3 Steinmeier.<\/p>\n<p>En Brandeburgo hay abierta una comisi\u00f3n de investigaci\u00f3n<\/p>\n<p>Sin embargo, espera que el pr\u00f3ximo Bundestag y el futuro gobierno aborden finalmente la cuesti\u00f3n del coronavirus cinco a\u00f1os despu\u00e9s del primer confinamiento.<\/p>\n<p>El estado federado de Brandeburgo asumi\u00f3 la iniciativa y cre\u00f3 una comisi\u00f3n de investigaci\u00f3n. El comit\u00e9 incluye miembros del parlamento regional, representantes de autoridades locales y expertos de la comunidad cient\u00edfica.<\/p>\n<p>Preocupaci\u00f3n por las teor\u00edas conspirativas y la renovada desconfianza<\/p>\n<p>&#8220;Si no resolvemos esto, quedar\u00e1 mucho por aflorar&#8221;, advirti\u00f3 Steinmeier en sus charlas sobre el coronavirus.<\/p>\n<p>Lo que no se aborda abiertamente alimenta teor\u00edas conspirativas y nueva desconfianza. Ambos son veneno para la democracia, afirm\u00f3 el presidente federal. &#8220;Ambos le hacen el juego a los populistas y no debemos permitirlo&#8221;.<\/p>\n<p>(lgc\/mn)<\/p>\n<div class=\"venep-after-content venep-entity-placement\" id=\"venep-4152526119\"><div id=\"venep-2733003593\"><a href=\"https:\/\/veneportal.com\/precios-publicidad-para-mi-negocio\/#premium\" aria-label=\"300&#215;250 Banners your door to the hispanic market\"><img src=\"https:\/\/veneportal.com\/noticias\/wp-content\/uploads\/sites\/2\/2021\/03\/300x250-Banners-your-door-to-the-hispanic-market.png\" alt=\"\"  srcset=\"https:\/\/veneportal.com\/noticias\/wp-content\/uploads\/sites\/2\/2021\/03\/300x250-Banners-your-door-to-the-hispanic-market.png 900w, https:\/\/veneportal.com\/noticias\/wp-content\/uploads\/sites\/2\/2021\/03\/300x250-Banners-your-door-to-the-hispanic-market-300x250.png 300w, https:\/\/veneportal.com\/noticias\/wp-content\/uploads\/sites\/2\/2021\/03\/300x250-Banners-your-door-to-the-hispanic-market-768x640.png 768w, https:\/\/veneportal.com\/noticias\/wp-content\/uploads\/sites\/2\/2021\/03\/300x250-Banners-your-door-to-the-hispanic-market-600x500.png 600w\" sizes=\"(max-width: 900px) 100vw, 900px\" width=\"600\" height=\"400\"   \/><\/a><\/div><\/div>","protected":false},"excerpt":{"rendered":"<p>El 22 de marzo de 2020 casi todas las tiendas, negocios y escuelas cerraron para contener el mortal coronavirus. La respuesta sigue dividiendo a Alemania hasta hoy.En domingo, la mayor\u00eda&hellip; <\/p>\n","protected":false},"author":505,"featured_media":73255,"comment_status":"open","ping_status":"open","sticky":false,"template":"","format":"standard","meta":{"footnotes":""},"categories":[85],"tags":[],"class_list":["post-73254","post","type-post","status-publish","format-standard","has-post-thumbnail","hentry","category-politica"],"_links":{"self":[{"href":"https:\/\/veneportal.com\/noticias\/wp-json\/wp\/v2\/posts\/73254","targetHints":{"allow":["GET"]}}],"collection":[{"href":"https:\/\/veneportal.com\/noticias\/wp-json\/wp\/v2\/posts"}],"about":[{"href":"https:\/\/veneportal.com\/noticias\/wp-json\/wp\/v2\/types\/post"}],"author":[{"embeddable":true,"href":"https:\/\/veneportal.com\/noticias\/wp-json\/wp\/v2\/users\/505"}],"replies":[{"embeddable":true,"href":"https:\/\/veneportal.com\/noticias\/wp-json\/wp\/v2\/comments?post=73254"}],"version-history":[{"count":0,"href":"https:\/\/veneportal.com\/noticias\/wp-json\/wp\/v2\/posts\/73254\/revisions"}],"wp:featuredmedia":[{"embeddable":true,"href":"https:\/\/veneportal.com\/noticias\/wp-json\/wp\/v2\/media\/73255"}],"wp:attachment":[{"href":"https:\/\/veneportal.com\/noticias\/wp-json\/wp\/v2\/media?parent=73254"}],"wp:term":[{"taxonomy":"category","embeddable":true,"href":"https:\/\/veneportal.com\/noticias\/wp-json\/wp\/v2\/categories?post=73254"},{"taxonomy":"post_tag","embeddable":true,"href":"https:\/\/veneportal.com\/noticias\/wp-json\/wp\/v2\/tags?post=73254"}],"curies":[{"name":"wp","href":"https:\/\/api.w.org\/{rel}","templated":true}]}}