{"id":73250,"date":"2025-03-22T00:00:06","date_gmt":"2025-03-22T04:00:06","guid":{"rendered":"https:\/\/veneportal.com\/noticias\/2025\/03\/22\/alemania-parlamento-desbloquea-3-000-millones-de-euros-adicionales-para-ucrania\/"},"modified":"2025-03-22T00:00:06","modified_gmt":"2025-03-22T04:00:06","slug":"alemania-parlamento-desbloquea-3-000-millones-de-euros-adicionales-para-ucrania","status":"publish","type":"post","link":"https:\/\/veneportal.com\/noticias\/2025\/03\/22\/alemania-parlamento-desbloquea-3-000-millones-de-euros-adicionales-para-ucrania\/","title":{"rendered":"Alemania: Parlamento desbloquea 3.000 millones de euros adicionales para Ucrania"},"content":{"rendered":"<p>Esta ayuda militar, que estuvo en duda durante meses por cuestiones presupuestarias, se sumar\u00e1 a otros 4.000 millones de euros ya comprometidos por la principal potencia econ\u00f3mica de Europa.La Comisi\u00f3n Presupuestaria de la C\u00e1mara Baja del Parlamento de Alemania desbloque\u00f3 este viernes (21.03.2025) 3.000 millones de euros en ayuda militar para Ucrania, despu\u00e9s de que se aprobase una reforma que permite al Estado endeudarse sin l\u00edmite en materia de defensa. La ayuda estaba en duda desde hac\u00eda meses debido a las reticencias del canciller saliente Olaf Scholz, preocupado por la situaci\u00f3n presupuestaria del pa\u00eds.<\/p>\n<p>Estos 3.000 millones de euros se sumar\u00e1n a otros 4.000 millones que ya estaban presupuestados para 2025. Adem\u00e1s, la Comisi\u00f3n Presupuestaria aprob\u00f3 esta misma jornada garant\u00edas para que el Gobierno pueda comprometer otros 8.300 millones de euros entre 2026 y 2029, de modo que se puedan cerrar ahora los correspondientes contratos de suministro.<\/p>\n<p>Las partidas se aprobaron in extremis antes de que el pr\u00f3ximo 25 de marzo se constituya la nueva C\u00e1mara Baja del Parlamento, tras la victoria del bloque conservador en las elecciones generales del 23 de febrero. El portavoz del gobierno, Steffen Hebestreit, afirm\u00f3 que el \u00faltimo paquete incluir\u00e1 unidades de los sistemas de defensa antia\u00e9rea Iris-T, que a\u00fan no se fabricaron y se entregar\u00edan en los pr\u00f3ximos dos a\u00f1os.<\/p>\n<p>&#8220;Por fin se ha soltado el nudo\u201d<\/p>\n<p>Las sumas hab\u00edan sido objeto de disputas en el seno del Ejecutivo de socialdem\u00f3cratas y verdes liderado por Scholz, que durante los \u00faltimos meses hab\u00eda vetado su autorizaci\u00f3n. El canciller saliente argumentaba que primero era necesario asegurar la financiaci\u00f3n de la ayuda militar a Ucrania para no tener que realizar recortes en otros campos.<\/p>\n<p>El ministro de Defensa, el tambi\u00e9n socialdem\u00f3crata Boris Pistorius, y la ministra de Exteriores, la ecologista Annalena Baerbock, han sido los principales impulsores de este paquete adicional, que reclamaban ya desde noviembre del a\u00f1o pasado, en vista de que los 4.000 millones presupuestados para 2025 ya est\u00e1n en su totalidad comprometidos.<\/p>\n<p>&#8220;Ha pasado mucho tiempo, pero por fin se ha soltado el nudo. Urg\u00eda, porque la situaci\u00f3n militar se ha vuelto cada vez m\u00e1s dif\u00edcil para Ucrania&#8221;, declar\u00f3 Baerbock tras conocerse la decisi\u00f3n. Ucrania necesita con urgencia m\u00e1s proyectiles para sus defensas antia\u00e9reas, munici\u00f3n de artiller\u00eda, repuestos y sistemas de armamento que les permitan seguir resistiendo ante la agresi\u00f3n rusa, enfatiz\u00f3.<\/p>\n<p>DZC (EFE, AFP)<\/p>\n<div class=\"venep-after-content venep-entity-placement\" id=\"venep-220943071\"><div id=\"venep-1287855632\"><script async src=\"https:\/\/pagead2.googlesyndication.com\/pagead\/js\/adsbygoogle.js?client=ca-pub-5862940809620110\"\r\n     crossorigin=\"anonymous\"><\/script>\r\n<ins class=\"adsbygoogle\"\r\n     style=\"display:block\"\r\n     data-ad-format=\"fluid\"\r\n     data-ad-layout-key=\"-6t+ed+2i-1n-4w\"\r\n     data-ad-client=\"ca-pub-5862940809620110\"\r\n     data-ad-slot=\"7946604715\"><\/ins>\r\n<script>\r\n     (adsbygoogle = window.adsbygoogle || []).push({});\r\n<\/script><\/div><\/div>","protected":false},"excerpt":{"rendered":"<p>Esta ayuda militar, que estuvo en duda durante meses por cuestiones presupuestarias, se sumar\u00e1 a otros 4.000 millones de euros ya comprometidos por la principal potencia econ\u00f3mica de Europa.La Comisi\u00f3n&hellip; <\/p>\n","protected":false},"author":505,"featured_media":73251,"comment_status":"open","ping_status":"open","sticky":false,"template":"","format":"standard","meta":{"footnotes":""},"categories":[85],"tags":[],"class_list":["post-73250","post","type-post","status-publish","format-standard","has-post-thumbnail","hentry","category-politica"],"_links":{"self":[{"href":"https:\/\/veneportal.com\/noticias\/wp-json\/wp\/v2\/posts\/73250","targetHints":{"allow":["GET"]}}],"collection":[{"href":"https:\/\/veneportal.com\/noticias\/wp-json\/wp\/v2\/posts"}],"about":[{"href":"https:\/\/veneportal.com\/noticias\/wp-json\/wp\/v2\/types\/post"}],"author":[{"embeddable":true,"href":"https:\/\/veneportal.com\/noticias\/wp-json\/wp\/v2\/users\/505"}],"replies":[{"embeddable":true,"href":"https:\/\/veneportal.com\/noticias\/wp-json\/wp\/v2\/comments?post=73250"}],"version-history":[{"count":0,"href":"https:\/\/veneportal.com\/noticias\/wp-json\/wp\/v2\/posts\/73250\/revisions"}],"wp:featuredmedia":[{"embeddable":true,"href":"https:\/\/veneportal.com\/noticias\/wp-json\/wp\/v2\/media\/73251"}],"wp:attachment":[{"href":"https:\/\/veneportal.com\/noticias\/wp-json\/wp\/v2\/media?parent=73250"}],"wp:term":[{"taxonomy":"category","embeddable":true,"href":"https:\/\/veneportal.com\/noticias\/wp-json\/wp\/v2\/categories?post=73250"},{"taxonomy":"post_tag","embeddable":true,"href":"https:\/\/veneportal.com\/noticias\/wp-json\/wp\/v2\/tags?post=73250"}],"curies":[{"name":"wp","href":"https:\/\/api.w.org\/{rel}","templated":true}]}}