{"id":73190,"date":"2025-03-20T12:02:05","date_gmt":"2025-03-20T16:02:05","guid":{"rendered":"https:\/\/veneportal.com\/noticias\/2025\/03\/20\/canada-se-encaminaria-a-elecciones-anticipadas-el-28-de-abril\/"},"modified":"2025-03-20T12:02:05","modified_gmt":"2025-03-20T16:02:05","slug":"canada-se-encaminaria-a-elecciones-anticipadas-el-28-de-abril","status":"publish","type":"post","link":"https:\/\/veneportal.com\/noticias\/2025\/03\/20\/canada-se-encaminaria-a-elecciones-anticipadas-el-28-de-abril\/","title":{"rendered":"Canad\u00e1 se encaminar\u00eda a elecciones anticipadas el 28 de abril"},"content":{"rendered":"<p>El nuevo primer ministro de Canad\u00e1, Mark Carney, convocar\u00e1 el domingo elecciones parlamentarias anticipadas a celebrarse el 28 de abril, adelantan fuentes del Gobierno a medios.Canad\u00e1 se encamina a elecciones anticipadas tras el cambio en la c\u00fapula del Gobierno. El nuevo primer ministro, Mark Carney, est\u00e1 dispuesto a fijar las elecciones generales para el 28 de abril, inform\u00f3 el jueves el Globe and Mail, citando fuentes gubernamentales.<\/p>\n<p>Mark Carney, quien asumi\u00f3 el cargo como jefe de Gobierno la semana pasada en reemplazo de Justin Trudeau, aspira a obtener la mayor\u00eda parlamentaria para su Partido Liberal en momentos de fuerte tensi\u00f3n en la relaci\u00f3n con Estados Unidos.<\/p>\n<p>Seg\u00fan el informe de la prensa canadiense, Carney planea anunciar oficialmente la fecha de las elecciones el domingo. Normalmente, no ser\u00eda necesario elegir un nuevo parlamento en Canad\u00e1 hasta el 20 de octubre.<\/p>\n<p>Al parecer, Carney espera beneficiarse del ascenso de su Partido Liberal en las encuestas, que encabezan junto con los conservadores de la oposici\u00f3n, luego de que el presidente estadounidense Donald Trump impusiera a Canad\u00e1 aranceles especiales y especulara con que el pa\u00eds deber\u00eda pasar a formar parte de Estados Unidos..<\/p>\n<p>El exbanquero Carney asumi\u00f3 el liderazgo liberal hace dos semanas al convencer a los miembros de su partido de que es la mejor opci\u00f3n para enfrentarse a Trump. Su antecesor, Justin Trudeau, hab\u00eda anunciado anunciado su dimisi\u00f3n en enero.<\/p>\n<p>rml (afp, reuters)<\/p>\n<div class=\"venep-after-content venep-entity-placement\" id=\"venep-2299970478\"><div id=\"venep-3053853366\"><a href=\"https:\/\/veneportal.com\/clasificados\/listing\/ary-b-ilustraciones\/\" aria-label=\"ari b ilustraciones\"><img src=\"https:\/\/veneportal.com\/noticias\/wp-content\/uploads\/sites\/2\/2021\/07\/4.png\" alt=\"ari b ilustraciones\"  width=\"300\" height=\"250\"   \/><\/a><\/div><\/div>","protected":false},"excerpt":{"rendered":"<p>El nuevo primer ministro de Canad\u00e1, Mark Carney, convocar\u00e1 el domingo elecciones parlamentarias anticipadas a celebrarse el 28 de abril, adelantan fuentes del Gobierno a medios.Canad\u00e1 se encamina a elecciones&hellip; <\/p>\n","protected":false},"author":505,"featured_media":73131,"comment_status":"open","ping_status":"open","sticky":false,"template":"","format":"standard","meta":{"footnotes":""},"categories":[85],"tags":[],"class_list":["post-73190","post","type-post","status-publish","format-standard","has-post-thumbnail","hentry","category-politica"],"_links":{"self":[{"href":"https:\/\/veneportal.com\/noticias\/wp-json\/wp\/v2\/posts\/73190","targetHints":{"allow":["GET"]}}],"collection":[{"href":"https:\/\/veneportal.com\/noticias\/wp-json\/wp\/v2\/posts"}],"about":[{"href":"https:\/\/veneportal.com\/noticias\/wp-json\/wp\/v2\/types\/post"}],"author":[{"embeddable":true,"href":"https:\/\/veneportal.com\/noticias\/wp-json\/wp\/v2\/users\/505"}],"replies":[{"embeddable":true,"href":"https:\/\/veneportal.com\/noticias\/wp-json\/wp\/v2\/comments?post=73190"}],"version-history":[{"count":0,"href":"https:\/\/veneportal.com\/noticias\/wp-json\/wp\/v2\/posts\/73190\/revisions"}],"wp:featuredmedia":[{"embeddable":true,"href":"https:\/\/veneportal.com\/noticias\/wp-json\/wp\/v2\/media\/73131"}],"wp:attachment":[{"href":"https:\/\/veneportal.com\/noticias\/wp-json\/wp\/v2\/media?parent=73190"}],"wp:term":[{"taxonomy":"category","embeddable":true,"href":"https:\/\/veneportal.com\/noticias\/wp-json\/wp\/v2\/categories?post=73190"},{"taxonomy":"post_tag","embeddable":true,"href":"https:\/\/veneportal.com\/noticias\/wp-json\/wp\/v2\/tags?post=73190"}],"curies":[{"name":"wp","href":"https:\/\/api.w.org\/{rel}","templated":true}]}}