{"id":73183,"date":"2025-03-20T00:02:05","date_gmt":"2025-03-20T04:02:05","guid":{"rendered":"https:\/\/veneportal.com\/noticias\/2025\/03\/20\/annalena-baerbock-seria-la-nueva-presidenta-de-la-asamblea-general-de-la-onu\/"},"modified":"2025-03-20T00:02:05","modified_gmt":"2025-03-20T04:02:05","slug":"annalena-baerbock-seria-la-nueva-presidenta-de-la-asamblea-general-de-la-onu","status":"publish","type":"post","link":"https:\/\/veneportal.com\/noticias\/2025\/03\/20\/annalena-baerbock-seria-la-nueva-presidenta-de-la-asamblea-general-de-la-onu\/","title":{"rendered":"Annalena Baerbock ser\u00eda la nueva presidenta de la Asamblea General de la ONU"},"content":{"rendered":"<p>La ministra de Asuntos Exteriores de Alemania probablemente se convertir\u00e1 en la nueva presidenta de la Asamblea General de la ONU. En un principio, estaba previsto que la alta diplom\u00e1tica Helga Schmid ocupara el cargo.En las elecciones anticipadas en Alemania del pasado 23 de febrero, el partido Los Verdes, del cual la ministra de Exteriores Annalena Baerbock fuera col\u00edder, solo obtuvo un decepcionante 11,6 por ciento de los votos. Si bien, en ese momento, no estaba claro si el partido podr\u00eda volver a formar parte de una coalici\u00f3n de gobierno, nadie crey\u00f3 que eso frenar\u00eda a la ambiciosa pol\u00edtica Baerbock, de 44 a\u00f1os.<\/p>\n<p>A partir de septiembre, la diplom\u00e1tica podr\u00eda asumir por un a\u00f1o la presidencia de la Asamblea General de las Naciones Unidas. Es &#8220;altamente cualificada para este puesto&#8221;, asegur\u00f3 este mi\u00e9rcoles (19.03.2025), en Berl\u00edn, el portavoz del Gobierno alem\u00e1n, Steffen Hebestreit.<\/p>\n<p>Seg\u00fan acuerdos internos de la ONU, durante este periodo, el cargo en Nueva York est\u00e1 reservado al grupo de pa\u00edses de Europa Occidental. Desde hace tiempo se sab\u00eda que Alemania iba a ocupar la presidencia. De ah\u00ed que la elecci\u00f3n de Baerbock, a principios de junio, se da por segura. Sus tareas incluir\u00e1n la organizaci\u00f3n y direcci\u00f3n de las sesiones plenarias. Un trabajo en segundo plano, pero un buen trampol\u00edn para tareas posteriores.<\/p>\n<p>Helga Schmid, arquitecta del acuerdo nuclear iran\u00ed<\/p>\n<p>Sin embargo, el nombramiento de la ministra de Exteriores en funciones no ha estado exento de cr\u00edticas. En un principio, Alemania hab\u00eda designado para el puesto a la respetada diplom\u00e1tica Helga Schmid. Schmid naci\u00f3 en 1960 y su carrera en el Ministerio de Asuntos Exteriores germano ha sido ejemplar.<\/p>\n<p>Por ejemplo, fue jefa del despacho del exministro de Asuntos Exteriores Joschka Fischer, que ocup\u00f3 el cargo de 1998 a 2005. M\u00e1s tarde, fue considerada una de las principales art\u00edfices del acuerdo nuclear entre la Uni\u00f3n Europea y otros pa\u00edses e Ir\u00e1n, sellado con \u00e9xito en 2015, pero anulado posteriormente por el presidente estadounidense Donald Trump, durante su primer mandato.<\/p>\n<p>Heusgen: &#8220;Es indignante&#8221;<\/p>\n<p>Actualmente, hay muchas voces molestas por el repentino nombramiento de Baerbock. El expresidente de la Conferencia de Seguridad de M\u00fanich (CSM), Christoph Heusgen, dijo que era &#8220;indignante sustituir a la mejor y m\u00e1s experimentada diplom\u00e1tica alemana a nivel internacional por un modelo obsoleto&#8221;.<\/p>\n<p>En declaraciones al diario berlin\u00e9s Tagesspiegel, Heusgen record\u00f3 que, como secretaria general de la Organizaci\u00f3n para la Seguridad y la Cooperaci\u00f3n en Europa (OSCE), Schmid evit\u00f3 recientemente que la organizaci\u00f3n se desmoronara.<\/p>\n<p>Heusgen fue asesor de pol\u00edtica exterior y de seguridad de la excanciller alemana Angela Merkel durante muchos a\u00f1os. Asimismo, uno de los predecesores de Baerbock como ministro de Asuntos Exteriores, el socialdem\u00f3crata Sigmar Gabriel, calific\u00f3 a Schmid de &#8220;gran diplom\u00e1tica&#8221;. Y casi ir\u00f3nicamente, a\u00f1adi\u00f3: &#8220;Baerbock puede aprender mucho de ella&#8221;.<\/p>\n<p>Baerbock, a\u00fan ministra de Exteriores en funciones<\/p>\n<p>La pol\u00edtica del partido Los Verdes seguir\u00e1 siendo ministra de Asuntos Exteriores hasta que entre en funciones el nuevo Gobierno federal. El probable nuevo canciller, Friedrich Merz, busca formar gobierno antes de Semana Santa, en abril.<\/p>\n<p>Baerbock se convertir\u00eda entonces en una diputada del Bundestag, y renunciar\u00eda a su esca\u00f1o para asumir el puesto de la ONU en Nueva York. Con ello, desaparecer\u00eda de la pol\u00edtica alemana, al menos temporalmente. Actualmente, se encuentra de viaje en el L\u00edbano para mantener conversaciones sobre la situaci\u00f3n de seguridad en Oriente Pr\u00f3ximo.<\/p>\n<p>(vt\/cp)<\/p>\n<div class=\"venep-after-content venep-entity-placement\" id=\"venep-4022330216\"><div id=\"venep-2225385918\"><a href=\"https:\/\/veneportal.com\/clasificados\/listing\/nativoapparel\/\" aria-label=\"nativo apparel\"><img src=\"https:\/\/veneportal.com\/noticias\/wp-content\/uploads\/sites\/2\/2021\/07\/5.png\" alt=\"nativo apparel\"  width=\"300\" height=\"250\"   \/><\/a><\/div><\/div>","protected":false},"excerpt":{"rendered":"<p>La ministra de Asuntos Exteriores de Alemania probablemente se convertir\u00e1 en la nueva presidenta de la Asamblea General de la ONU. En un principio, estaba previsto que la alta diplom\u00e1tica&hellip; <\/p>\n","protected":false},"author":505,"featured_media":73184,"comment_status":"open","ping_status":"open","sticky":false,"template":"","format":"standard","meta":{"footnotes":""},"categories":[85],"tags":[],"class_list":["post-73183","post","type-post","status-publish","format-standard","has-post-thumbnail","hentry","category-politica"],"_links":{"self":[{"href":"https:\/\/veneportal.com\/noticias\/wp-json\/wp\/v2\/posts\/73183","targetHints":{"allow":["GET"]}}],"collection":[{"href":"https:\/\/veneportal.com\/noticias\/wp-json\/wp\/v2\/posts"}],"about":[{"href":"https:\/\/veneportal.com\/noticias\/wp-json\/wp\/v2\/types\/post"}],"author":[{"embeddable":true,"href":"https:\/\/veneportal.com\/noticias\/wp-json\/wp\/v2\/users\/505"}],"replies":[{"embeddable":true,"href":"https:\/\/veneportal.com\/noticias\/wp-json\/wp\/v2\/comments?post=73183"}],"version-history":[{"count":0,"href":"https:\/\/veneportal.com\/noticias\/wp-json\/wp\/v2\/posts\/73183\/revisions"}],"wp:featuredmedia":[{"embeddable":true,"href":"https:\/\/veneportal.com\/noticias\/wp-json\/wp\/v2\/media\/73184"}],"wp:attachment":[{"href":"https:\/\/veneportal.com\/noticias\/wp-json\/wp\/v2\/media?parent=73183"}],"wp:term":[{"taxonomy":"category","embeddable":true,"href":"https:\/\/veneportal.com\/noticias\/wp-json\/wp\/v2\/categories?post=73183"},{"taxonomy":"post_tag","embeddable":true,"href":"https:\/\/veneportal.com\/noticias\/wp-json\/wp\/v2\/tags?post=73183"}],"curies":[{"name":"wp","href":"https:\/\/api.w.org\/{rel}","templated":true}]}}