{"id":73082,"date":"2025-03-15T12:02:06","date_gmt":"2025-03-15T16:02:06","guid":{"rendered":"https:\/\/veneportal.com\/noticias\/2025\/03\/15\/meloni-anuncia-que-italia-no-desplegara-soldados-en-ucrania\/"},"modified":"2025-03-15T12:02:06","modified_gmt":"2025-03-15T16:02:06","slug":"meloni-anuncia-que-italia-no-desplegara-soldados-en-ucrania","status":"publish","type":"post","link":"https:\/\/veneportal.com\/noticias\/2025\/03\/15\/meloni-anuncia-que-italia-no-desplegara-soldados-en-ucrania\/","title":{"rendered":"Meloni anuncia que Italia no desplegar\u00e1 soldados en Ucrania"},"content":{"rendered":"<p>La primera ministra italiana &#8220;reiter\u00f3 que no se plantea una participaci\u00f3n nacional en una posible fuerza militar sobre el terreno&#8221;.Italia no planea enviar soldados a Ucrania, indic\u00f3 este s\u00e1bado (15.03.2025) la primera ministra Giorgia Meloni, tras una reuni\u00f3n virtual organizada por Londres para sumar apoyo a Kiev de cara a una posible tregua con Rusia.<\/p>\n<p>&#8220;La primera ministra confirm\u00f3 que Italia seguir\u00e1 trabajando con sus socios europeos y occidentales, y con Estados Unidos, para definir garant\u00edas de seguridad cre\u00edbles y efectivas&#8221;, indic\u00f3 el gobierno de Roma en un comunicado.<\/p>\n<p>Adem\u00e1s, &#8220;reiter\u00f3 que no se plantea una participaci\u00f3n nacional en una posible fuerza militar sobre el terreno&#8221;.<\/p>\n<p>La mandataria particip\u00f3 en la reuni\u00f3n &#8220;sobre el compromiso con una paz justa y duradera que garantice la soberan\u00eda y la seguridad futuras de Ucrania&#8221; y en la que tomaron parte tambi\u00e9n el presidente del gobierno de Espa\u00f1a, Pedro S\u00e1nchez; el presidente ucraniano Volodimir Zelenski; y los l\u00edderes de los principales pa\u00edses de la Uni\u00f3n Europea (UE), la OTAN, Canad\u00e1, Australia y Nueva Zelanda.<\/p>\n<p>La reuni\u00f3n sucede al encuentro presencial en el palacete londinense de Lancaster House el pasado 2 de marzo bajo el lema &#8220;Securing Our Future&#8221; (Protegiendo nuestro futuro).<\/p>\n<p>rr (afp\/efe)<\/p>\n<div class=\"venep-after-content venep-entity-placement\" id=\"venep-2055364031\"><div id=\"venep-257716296\"><a href=\"https:\/\/veneportal.com\/clasificados\/listing\/ary-b-ilustraciones\/\" aria-label=\"ari b ilustraciones\"><img src=\"https:\/\/veneportal.com\/noticias\/wp-content\/uploads\/sites\/2\/2021\/07\/4.png\" alt=\"ari b ilustraciones\"  width=\"300\" height=\"250\"   \/><\/a><\/div><\/div>","protected":false},"excerpt":{"rendered":"<p>La primera ministra italiana &#8220;reiter\u00f3 que no se plantea una participaci\u00f3n nacional en una posible fuerza militar sobre el terreno&#8221;.Italia no planea enviar soldados a Ucrania, indic\u00f3 este s\u00e1bado (15.03.2025)&hellip; <\/p>\n","protected":false},"author":505,"featured_media":73083,"comment_status":"open","ping_status":"open","sticky":false,"template":"","format":"standard","meta":{"footnotes":""},"categories":[85],"tags":[],"class_list":["post-73082","post","type-post","status-publish","format-standard","has-post-thumbnail","hentry","category-politica"],"_links":{"self":[{"href":"https:\/\/veneportal.com\/noticias\/wp-json\/wp\/v2\/posts\/73082","targetHints":{"allow":["GET"]}}],"collection":[{"href":"https:\/\/veneportal.com\/noticias\/wp-json\/wp\/v2\/posts"}],"about":[{"href":"https:\/\/veneportal.com\/noticias\/wp-json\/wp\/v2\/types\/post"}],"author":[{"embeddable":true,"href":"https:\/\/veneportal.com\/noticias\/wp-json\/wp\/v2\/users\/505"}],"replies":[{"embeddable":true,"href":"https:\/\/veneportal.com\/noticias\/wp-json\/wp\/v2\/comments?post=73082"}],"version-history":[{"count":0,"href":"https:\/\/veneportal.com\/noticias\/wp-json\/wp\/v2\/posts\/73082\/revisions"}],"wp:featuredmedia":[{"embeddable":true,"href":"https:\/\/veneportal.com\/noticias\/wp-json\/wp\/v2\/media\/73083"}],"wp:attachment":[{"href":"https:\/\/veneportal.com\/noticias\/wp-json\/wp\/v2\/media?parent=73082"}],"wp:term":[{"taxonomy":"category","embeddable":true,"href":"https:\/\/veneportal.com\/noticias\/wp-json\/wp\/v2\/categories?post=73082"},{"taxonomy":"post_tag","embeddable":true,"href":"https:\/\/veneportal.com\/noticias\/wp-json\/wp\/v2\/tags?post=73082"}],"curies":[{"name":"wp","href":"https:\/\/api.w.org\/{rel}","templated":true}]}}