{"id":7259,"date":"2021-10-29T21:00:02","date_gmt":"2021-10-30T01:00:02","guid":{"rendered":"https:\/\/veneportal.com\/noticias\/2021\/10\/29\/prensa-en-aleman-la-captura-de-otoniel-azuzara-la-violencia-pero-no-frenara-el-narcotrafico\/"},"modified":"2021-10-29T21:00:02","modified_gmt":"2021-10-30T01:00:02","slug":"prensa-en-aleman-la-captura-de-otoniel-azuzara-la-violencia-pero-no-frenara-el-narcotrafico","status":"publish","type":"post","link":"https:\/\/veneportal.com\/noticias\/2021\/10\/29\/prensa-en-aleman-la-captura-de-otoniel-azuzara-la-violencia-pero-no-frenara-el-narcotrafico\/","title":{"rendered":"Prensa en alem\u00e1n: La captura de &#8220;Otoniel&#8221; azuzar\u00e1 la violencia, pero no frenar\u00e1 el narcotr\u00e1fico"},"content":{"rendered":"<p>La detenci\u00f3n del jefe del Clan del Golfo en Colombia tuvo eco en la prensa en alem\u00e1n, que analiza el trasfondo y el impacto de lo que Bogot\u00e1 calific\u00f3 como el mayor golpe de este siglo al narcotr\u00e1fico.El diario S\u00fcddeutsche Zeitung, de M\u00fanich, alude a las especulaciones sobre el trasfondo de la detenci\u00f3n del jefe del Clan del Golfo y plantea: &#8220;Pocos d\u00edas despu\u00e9s de la captura del narcotraficante Dairo Antonio \u00dasuga, alias &#8216;Otoniel&#8217;, se disipa lentamente la alegr\u00eda en Colombia; y, al mismo tiempo, cunden las dudas en torno a los beneficios y las circunstancias de la aprehensi\u00f3n.<\/p>\n<p>Como presunto jefe del Clan del Golfo, &#8216;Otoniel&#8217; es uno de los responsables de que en los \u00faltimos a\u00f1os se hayan contrabandeado toneladas de coca\u00edna de Colombia a Estados Unidos. Tambi\u00e9n se le imputa haber encargado asesinatos y haber tenido participaci\u00f3n en secuestros y abusos de menores (\u2026)<\/p>\n<p>La detenci\u00f3n fue calificada por el presidente Iv\u00e1n Duque como el mayor \u00e9xito desde la ca\u00edda de Pablo Escobar, en los a\u00f1os 90. Con orgullo fueron difundidas las fotos del detenido. Pero estas no muestran a un hombre perplejo o enfurecido. Por el contrario: &#8216;Otoniel&#8217; sonr\u00ede a la c\u00e1mara. Eso aliment\u00f3 especulaciones en cuanto a si el jefe del Clan del Golfo fue realmente descubierto en su escondite de la selva, o si se entreg\u00f3 a las autoridades.<\/p>\n<p>(\u2026) Contra eso habla el hecho de que el Gobierno ya anunci\u00f3 su prop\u00f3sito de extraditarlo a Estados Unidos. &#8216;Otoniel&#8217; probablemente har\u00e1 todo lo posible para evitarlo. Y quiz\u00e1 eso pueda inducirlo a cooperar con las autoridades colombianas y a hacer declaraciones sobre la estructura de su organizaci\u00f3n, as\u00ed como sobre los cr\u00edmenes que ha cometido. Para las v\u00edctimas y sus familiares, ser\u00eda una oportunidad para el esclarecimiento judicial de los casos. Pero es dudoso en qu\u00e9 medida podr\u00eda la colaboraci\u00f3n de &#8216;Otoniel&#8217; ayudar a combatir el narcotr\u00e1fico.<\/p>\n<p>La demanda de coca\u00edna a nivel mundial se mantiene y seguramente las rutas y redes del Clan del Golfo siguen intactas. Los expertos no tienen mayores dudas de que el negocio continuar\u00e1 como siempre. Pero, al mismo tiempo, existe el temor de que estalle una sangrienta guerra por su sucesi\u00f3n.<\/p>\n<p>En consecuencia, el mayor beneficiado con la captura probablemente sea el presidente de Colombia: Iv\u00e1n Duque es un halc\u00f3n de derecha que, pese a todos los esfuerzos, ha fracasado en frenar la producci\u00f3n de coca\u00edna. Al mismo tiempo, su popularidad baja en las encuestas. Tambi\u00e9n por eso, Duque celebr\u00f3 tan profusamente la detenci\u00f3n de &#8216;Otoniel&#8217;.&#8221;<\/p>\n<p>Temor a una nueva ola de violencia<\/p>\n<p>Tambi\u00e9n el peri\u00f3dico TAZ menciona en su art\u00edculo los temores de que se desate una lucha de poder y una ola de violencia tras la captura del narcotraficante: &#8220;Es m\u00e1s que dudoso que la detenci\u00f3n de &#8216;Otoniel&#8217; marque el fin del Clan de Golfo, como anunci\u00f3 el presidente Duque. Alguien lo suceder\u00e1, es un hecho. El diario El Espectador ya menciona varios posibles sucesores. (\u2026)<\/p>\n<p>De acuerdo con la ONG Indepaz, el Clan del Golfo act\u00faa en casi 300 ciudades y comunidades de Colombia. Adem\u00e1s del tr\u00e1fico de drogas, est\u00e1 involucrado en la miner\u00eda ilegal, el desplazamiento de personas y el asesinato de defensores de los derechos humanos. Analistas y defensores de los derechos humanos parten de la base de que habr\u00e1 un aumento de la violencia tras la captura de &#8216;Otoniel&#8217;.<\/p>\n<p>Seg\u00fan Elizabeth Dickinson, de Crisis Group, ese es el patr\u00f3n observado en Colombia cuando se neutraliza al &#8216;n\u00famero uno&#8217; de una organizaci\u00f3n: en ese momento escalan tanto las luchas de poder internas, como las pugnas entre diversos grupos criminales, que intentan llenar el vac\u00edo de poder. Es sabido que el Clan del Golfo estaba ya dividido y solo &#8216;Otoniel&#8217; manten\u00eda su cohesi\u00f3n.&#8221;<\/p>\n<p>Al servicio del Cartel de Sinaloa<\/p>\n<p>El rotativo suizo Neuer Z\u00fcrcher Zeitung, por su parte, entrega algunos detalles m\u00e1s sobre el Clan del Golfo: &#8220;A diferencia de los carteles de la droga, el clan no trabaja como una empresa en todas las etapas del negocio. M\u00e1s bien ofrece a las organizaciones narcotraficantes sus servicios de transporte, almacenamiento, embarque y vigilancia de la mercanc\u00eda.<\/p>\n<p>En Colombia se considera al Clan del Golfo como representante del poderoso Cartel de Sinaloa, de M\u00e9xico, para el que organizan la cadena de suministros. Cuando, hace cinco a\u00f1os, las FARC sellaron el acuerdo de paz y abandonaron la lucha armada y el narcotr\u00e1fico, fueron sobre todo los &#8216;urabe\u00f1os&#8217; los que llenaron los espacios dejados por la guerrilla.&#8221;<\/p>\n<p>(rml)<\/p>\n<div class=\"venep-after-content venep-entity-placement\" id=\"venep-2564323233\"><div id=\"venep-863353000\"><script async src=\"https:\/\/pagead2.googlesyndication.com\/pagead\/js\/adsbygoogle.js?client=ca-pub-5862940809620110\"\r\n     crossorigin=\"anonymous\"><\/script>\r\n<ins class=\"adsbygoogle\"\r\n     style=\"display:block\"\r\n     data-ad-format=\"fluid\"\r\n     data-ad-layout-key=\"-6t+ed+2i-1n-4w\"\r\n     data-ad-client=\"ca-pub-5862940809620110\"\r\n     data-ad-slot=\"7946604715\"><\/ins>\r\n<script>\r\n     (adsbygoogle = window.adsbygoogle || []).push({});\r\n<\/script><\/div><\/div>","protected":false},"excerpt":{"rendered":"<p>La detenci\u00f3n del jefe del Clan del Golfo en Colombia tuvo eco en la prensa en alem\u00e1n, que analiza el trasfondo y el impacto de lo que Bogot\u00e1 calific\u00f3 como&hellip; <\/p>\n","protected":false},"author":505,"featured_media":7249,"comment_status":"open","ping_status":"open","sticky":false,"template":"","format":"standard","meta":{"footnotes":""},"categories":[81],"tags":[],"class_list":["post-7259","post","type-post","status-publish","format-standard","has-post-thumbnail","hentry","category-actualidad"],"_links":{"self":[{"href":"https:\/\/veneportal.com\/noticias\/wp-json\/wp\/v2\/posts\/7259","targetHints":{"allow":["GET"]}}],"collection":[{"href":"https:\/\/veneportal.com\/noticias\/wp-json\/wp\/v2\/posts"}],"about":[{"href":"https:\/\/veneportal.com\/noticias\/wp-json\/wp\/v2\/types\/post"}],"author":[{"embeddable":true,"href":"https:\/\/veneportal.com\/noticias\/wp-json\/wp\/v2\/users\/505"}],"replies":[{"embeddable":true,"href":"https:\/\/veneportal.com\/noticias\/wp-json\/wp\/v2\/comments?post=7259"}],"version-history":[{"count":0,"href":"https:\/\/veneportal.com\/noticias\/wp-json\/wp\/v2\/posts\/7259\/revisions"}],"wp:featuredmedia":[{"embeddable":true,"href":"https:\/\/veneportal.com\/noticias\/wp-json\/wp\/v2\/media\/7249"}],"wp:attachment":[{"href":"https:\/\/veneportal.com\/noticias\/wp-json\/wp\/v2\/media?parent=7259"}],"wp:term":[{"taxonomy":"category","embeddable":true,"href":"https:\/\/veneportal.com\/noticias\/wp-json\/wp\/v2\/categories?post=7259"},{"taxonomy":"post_tag","embeddable":true,"href":"https:\/\/veneportal.com\/noticias\/wp-json\/wp\/v2\/tags?post=7259"}],"curies":[{"name":"wp","href":"https:\/\/api.w.org\/{rel}","templated":true}]}}