{"id":69869,"date":"2024-12-31T17:00:05","date_gmt":"2024-12-31T22:00:05","guid":{"rendered":"https:\/\/veneportal.com\/noticias\/2024\/12\/31\/cuales-fueron-los-momentos-mas-importantes-de-la-migracion-en-2024\/"},"modified":"2024-12-31T17:00:05","modified_gmt":"2024-12-31T22:00:05","slug":"cuales-fueron-los-momentos-mas-importantes-de-la-migracion-en-2024","status":"publish","type":"post","link":"https:\/\/veneportal.com\/noticias\/2024\/12\/31\/cuales-fueron-los-momentos-mas-importantes-de-la-migracion-en-2024\/","title":{"rendered":"\u00bfCu\u00e1les fueron los momentos m\u00e1s importantes de la migraci\u00f3n en 2024?"},"content":{"rendered":"<p>[iframe src=&#8221;https:\/\/www.vozdeamerica.com\/embed\/player\/0\/7916475.html?type=video&#8221; width=&#8221;640&#8243; height=&#8221;360&#8243; frameborder=&#8221;0&#8243; scrolling=&#8221;no&#8221; allowfullscreen=&#8221;allowfullscreen&#8221;]<\/p>\n<p>Las elecciones presidenciales en Estados Unidos pusieron la situaci\u00f3n migratoria en Am\u00e9rica Latina en el foco de la atenci\u00f3n p\u00fablica. La Voz de Am\u00e9rica resume algunos de los anuncios, restricciones y nombramientos que marcaron el \u00faltimo a\u00f1o.<\/p>\n<div class=\"venep-after-content venep-entity-placement\" id=\"venep-368326895\"><div id=\"venep-1633596923\"><script async src=\"https:\/\/pagead2.googlesyndication.com\/pagead\/js\/adsbygoogle.js?client=ca-pub-5862940809620110\"\r\n     crossorigin=\"anonymous\"><\/script>\r\n<ins class=\"adsbygoogle\"\r\n     style=\"display:block\"\r\n     data-ad-format=\"fluid\"\r\n     data-ad-layout-key=\"-6t+ed+2i-1n-4w\"\r\n     data-ad-client=\"ca-pub-5862940809620110\"\r\n     data-ad-slot=\"7946604715\"><\/ins>\r\n<script>\r\n     (adsbygoogle = window.adsbygoogle || []).push({});\r\n<\/script><\/div><\/div>","protected":false},"excerpt":{"rendered":"<p>\u00bfCu\u00e1les fueron los momentos m\u00e1s importantes de la migraci\u00f3n en 2024?Las elecciones presidenciales en Estados Unidos pusieron la situaci\u00f3n migratoria en Am\u00e9rica Latina en el foco de la atenci\u00f3n p\u00fablica. La Voz de Am\u00e9rica resume algunos de los anuncios, restricciones y nombramientos que marcaron el \u00faltimo a\u00f1o.<\/p>\n","protected":false},"author":1287,"featured_media":69870,"comment_status":"open","ping_status":"open","sticky":false,"template":"","format":"video","meta":{"footnotes":""},"categories":[93],"tags":[],"class_list":["post-69869","post","type-post","status-publish","format-video","has-post-thumbnail","hentry","category-multimedia","post_format-post-format-video"],"_links":{"self":[{"href":"https:\/\/veneportal.com\/noticias\/wp-json\/wp\/v2\/posts\/69869","targetHints":{"allow":["GET"]}}],"collection":[{"href":"https:\/\/veneportal.com\/noticias\/wp-json\/wp\/v2\/posts"}],"about":[{"href":"https:\/\/veneportal.com\/noticias\/wp-json\/wp\/v2\/types\/post"}],"author":[{"embeddable":true,"href":"https:\/\/veneportal.com\/noticias\/wp-json\/wp\/v2\/users\/1287"}],"replies":[{"embeddable":true,"href":"https:\/\/veneportal.com\/noticias\/wp-json\/wp\/v2\/comments?post=69869"}],"version-history":[{"count":0,"href":"https:\/\/veneportal.com\/noticias\/wp-json\/wp\/v2\/posts\/69869\/revisions"}],"wp:featuredmedia":[{"embeddable":true,"href":"https:\/\/veneportal.com\/noticias\/wp-json\/wp\/v2\/media\/69870"}],"wp:attachment":[{"href":"https:\/\/veneportal.com\/noticias\/wp-json\/wp\/v2\/media?parent=69869"}],"wp:term":[{"taxonomy":"category","embeddable":true,"href":"https:\/\/veneportal.com\/noticias\/wp-json\/wp\/v2\/categories?post=69869"},{"taxonomy":"post_tag","embeddable":true,"href":"https:\/\/veneportal.com\/noticias\/wp-json\/wp\/v2\/tags?post=69869"}],"curies":[{"name":"wp","href":"https:\/\/api.w.org\/{rel}","templated":true}]}}