{"id":69866,"date":"2024-12-31T12:00:07","date_gmt":"2024-12-31T17:00:07","guid":{"rendered":"https:\/\/veneportal.com\/noticias\/2024\/12\/31\/colapso-electrico-en-puerto-rico-a-pocas-horas-del-ano-nuevo\/"},"modified":"2024-12-31T12:00:07","modified_gmt":"2024-12-31T17:00:07","slug":"colapso-electrico-en-puerto-rico-a-pocas-horas-del-ano-nuevo","status":"publish","type":"post","link":"https:\/\/veneportal.com\/noticias\/2024\/12\/31\/colapso-electrico-en-puerto-rico-a-pocas-horas-del-ano-nuevo\/","title":{"rendered":"Colapso el\u00e9ctrico en Puerto Rico a pocas horas del a\u00f1o nuevo"},"content":{"rendered":"<p>Puerto Rico sufri\u00f3 un apag\u00f3n general debido a una aver\u00eda que mantiene a casi el 90 por ciento de los clientes sin servicio el\u00e9ctrico.Apag\u00f3n general en Puerto Rico este 31 de diciembre debido a una aver\u00eda que mantiene a casi el 90 por ciento de los clientes sin servicio el\u00e9ctrico.<\/p>\n<p>Seg\u00fan los datos de la empresa LUMA Energy, encargada de la transmisi\u00f3n de la electricidad, est\u00e1n sin luz 1.309.713 clientes, de un total de 1.468.223. La propia compa\u00f1\u00eda comunic\u00f3 en X que restablecer\u00e1 la energ\u00eda a los clientes en fases, pero el proceso completo tomar\u00e1 entre 24 y 48 horas. <\/p>\n<p>El gobernador de Puerto Rico, Pedro Pierluisi, inform\u00f3 en su cuenta de X que se trata de &#8220;un apag\u00f3n masivo que afecta a gran parte de la isla por una falla cr\u00edtica&#8221;.<\/p>\n<p>Pierluisi adelant\u00f3 que ya se est\u00e1 trabajando en el restablecimiento del servicio con las plantas de San Juan y Palo Seco y que el Gobierno est\u00e1 exigiendo respuestas y soluciones tanto a LUMA Energy como a Genera PR. <\/p>\n<p>La empresa encargada de la generaci\u00f3n, Genera PR, se\u00f1al\u00f3 que el apag\u00f3n se debe a una aver\u00eda en la l\u00ednea 230 de la central Costa Sur, lo que provoc\u00f3 que todas las unidades del sistema salieran de servicio.<\/p>\n<p>Red d\u00e9bil tras el paso de Mar\u00eda<\/p>\n<p>La red el\u00e9ctrica de Puerto Rico es muy d\u00e9bil desde que qued\u00f3 destrozada durante el hurac\u00e1n Mar\u00eda de 2017, siendo frecuentes los apagones en la isla, aunque en contadas ocasiones de tal magnitud. <\/p>\n<p>El descontento con el desempe\u00f1o de LUMA ha desatado protestas y llevado a que, durante las elecciones del pasado noviembre, todos los candidatos a la gobernaci\u00f3n prometieran cancelar el contrato con la empresa. MS (efe\/ap\/Reuters)<\/p>\n<div class=\"venep-after-content venep-entity-placement\" id=\"venep-3311926179\"><div id=\"venep-3605283037\"><a href=\"https:\/\/www.silverstarfinancialservices.com\/\" aria-label=\"silverstar financial\"><img src=\"https:\/\/veneportal.com\/noticias\/wp-content\/uploads\/sites\/2\/2022\/06\/silverstar-financial-2.png\" alt=\"silverstar financial\"  srcset=\"https:\/\/veneportal.com\/noticias\/wp-content\/uploads\/sites\/2\/2022\/06\/silverstar-financial-2.png 1748w, https:\/\/veneportal.com\/noticias\/wp-content\/uploads\/sites\/2\/2022\/06\/silverstar-financial-2-300x213.png 300w, https:\/\/veneportal.com\/noticias\/wp-content\/uploads\/sites\/2\/2022\/06\/silverstar-financial-2-1024x726.png 1024w, https:\/\/veneportal.com\/noticias\/wp-content\/uploads\/sites\/2\/2022\/06\/silverstar-financial-2-768x545.png 768w, https:\/\/veneportal.com\/noticias\/wp-content\/uploads\/sites\/2\/2022\/06\/silverstar-financial-2-1536x1090.png 1536w, https:\/\/veneportal.com\/noticias\/wp-content\/uploads\/sites\/2\/2022\/06\/silverstar-financial-2-600x426.png 600w\" sizes=\"(max-width: 1748px) 100vw, 1748px\" width=\"559\" height=\"397\"   \/><\/a><\/div><\/div>","protected":false},"excerpt":{"rendered":"<p>Puerto Rico sufri\u00f3 un apag\u00f3n general debido a una aver\u00eda que mantiene a casi el 90 por ciento de los clientes sin servicio el\u00e9ctrico.Apag\u00f3n general en Puerto Rico este 31&hellip; <\/p>\n","protected":false},"author":505,"featured_media":69867,"comment_status":"open","ping_status":"open","sticky":false,"template":"","format":"standard","meta":{"footnotes":""},"categories":[85],"tags":[],"class_list":["post-69866","post","type-post","status-publish","format-standard","has-post-thumbnail","hentry","category-politica"],"_links":{"self":[{"href":"https:\/\/veneportal.com\/noticias\/wp-json\/wp\/v2\/posts\/69866","targetHints":{"allow":["GET"]}}],"collection":[{"href":"https:\/\/veneportal.com\/noticias\/wp-json\/wp\/v2\/posts"}],"about":[{"href":"https:\/\/veneportal.com\/noticias\/wp-json\/wp\/v2\/types\/post"}],"author":[{"embeddable":true,"href":"https:\/\/veneportal.com\/noticias\/wp-json\/wp\/v2\/users\/505"}],"replies":[{"embeddable":true,"href":"https:\/\/veneportal.com\/noticias\/wp-json\/wp\/v2\/comments?post=69866"}],"version-history":[{"count":0,"href":"https:\/\/veneportal.com\/noticias\/wp-json\/wp\/v2\/posts\/69866\/revisions"}],"wp:featuredmedia":[{"embeddable":true,"href":"https:\/\/veneportal.com\/noticias\/wp-json\/wp\/v2\/media\/69867"}],"wp:attachment":[{"href":"https:\/\/veneportal.com\/noticias\/wp-json\/wp\/v2\/media?parent=69866"}],"wp:term":[{"taxonomy":"category","embeddable":true,"href":"https:\/\/veneportal.com\/noticias\/wp-json\/wp\/v2\/categories?post=69866"},{"taxonomy":"post_tag","embeddable":true,"href":"https:\/\/veneportal.com\/noticias\/wp-json\/wp\/v2\/tags?post=69866"}],"curies":[{"name":"wp","href":"https:\/\/api.w.org\/{rel}","templated":true}]}}