{"id":69845,"date":"2024-12-31T00:00:08","date_gmt":"2024-12-31T05:00:08","guid":{"rendered":"https:\/\/veneportal.com\/noticias\/2024\/12\/31\/propaganda-para-alternativa-para-alemania-crecen-las-criticas-a-elon-musk\/"},"modified":"2024-12-31T00:00:08","modified_gmt":"2024-12-31T05:00:08","slug":"propaganda-para-alternativa-para-alemania-crecen-las-criticas-a-elon-musk","status":"publish","type":"post","link":"https:\/\/veneportal.com\/noticias\/2024\/12\/31\/propaganda-para-alternativa-para-alemania-crecen-las-criticas-a-elon-musk\/","title":{"rendered":"Propaganda para &#8220;Alternativa para Alemania&#8221;: crecen las cr\u00edticas a Elon Musk"},"content":{"rendered":"<p>En un comentario en el peri\u00f3dico &#8220;Welt am Sonntag&#8221;, el multimillonario volvi\u00f3 a pedir el voto para la AfD (calificada parcialmente como de extrema derecha). Las cinco preguntas y respuestas m\u00e1s importantes sobre el tema.\u00bfQu\u00e9 escribi\u00f3 Elon Musk en su comentario?<\/p>\n<p>Despu\u00e9s de que Elon Musk ya hubiera publicado en su red X d\u00edas antes que solo la AfD (calificada parcialmente como de extrema derecha) podr\u00eda salvar a Alemania, el asesor de Trump ha seguido ahora durante la campa\u00f1a electoral para las elecciones federales del 23 de febrero con un art\u00edculo de opini\u00f3n en el semanario Welt am Sonntag: &#8220;Alternativa para Alemania&#8221; podr\u00eda salvar a Alemania de convertirse en una sombra de lo que fue, escribi\u00f3 Musk all\u00ed. &#8220;Alemania se ha vuelto demasiado c\u00f3moda en la mediocridad: es hora de cambios audaces, y la AfD es el \u00fanico partido que abre este camino&#8221;, agreg\u00f3.<\/p>\n<p>La AfD es &#8220;la \u00faltima chispa de esperanza para el pa\u00eds&#8221;, que se tambalea al borde del &#8220;colapso econ\u00f3mico y cultural&#8221;; solo la AfD puede revitalizar la econom\u00eda alemana y evitar una p\u00e9rdida de identidad a trav\u00e9s de una &#8220;pol\u00edtica de inmigraci\u00f3n controlada&#8221;. &#8220;A los que condenan a la AfD por extremista, les digo: no se dejen desanimar por la etiqueta que se le ha puesto&#8221;, termina Musk, y, refiri\u00e9ndose a la col\u00edder de la AfD, Alice Weidel, que tiene una pareja de Sri Lanka, dice. &#8220;\u00bfTe suena a Hitler? \u00a1Por favor!&#8221;<\/p>\n<p>\u00bfQu\u00e9 eco tuvo el comentario de Musk?<\/p>\n<p>La reacci\u00f3n fue devastadora. El presidente federal de la Asociaci\u00f3n Alemana de Periodistas (DJV), Mika Beuster, advirti\u00f3 a todas las redacciones que no se dejaran instrumentalizar en la campa\u00f1a de las elecciones parlamentarias alemanas y que trataran con cuidado las colaboraciones de invitados. &#8220;Los medios de comunicaci\u00f3n alemanes no deben permitir que se les utilice indebidamente como portavoces de aut\u00f3cratas y sus amigos&#8221;, indic\u00f3.<\/p>\n<p>El candidato a canciller de la CDU, Friedrich Merz, calific\u00f3 el llamamiento electoral de &#8220;prepotente y presuntuoso&#8221; en una entrevista con los peri\u00f3dicos del grupo Funke Media y critic\u00f3: &#8220;No recuerdo un caso comparable de injerencia en la campa\u00f1a electoral de un pa\u00eds amigo en la historia de las democracias occidentales&#8221;.<\/p>\n<p>El secretario general del SPD, Matthias Miersch, declar\u00f3 a Handelsblatt: &#8220;El hecho de que la editorial Springer ofrezca a Elon Musk una plataforma oficial para hacer publicidad de la AfD es vergonzoso y peligroso&#8221;. El proceso muestra &#8220;hasta d\u00f3nde han penetrado ahora las redes de la derecha&#8221;. El dirigente socialdem\u00f3crata Lars Klingbeil, acus\u00f3 a Elon Musk de querer &#8220;sumir a Alemania en el caos&#8221;. &#8220;Elon Musk no pretende algo distinto que Vladimir Putin. Ambos quieren influir en nuestras elecciones y est\u00e1n apoyando espec\u00edficamente a los enemigos de la democracia&#8221;.<\/p>\n<p>La candidata de AfD a canciller en las elecciones al Bundestag, Alice Weidel, cit\u00f3 en X un fragmento del post de Musk sin hacer m\u00e1s comentarios.<\/p>\n<p>\u00bfQu\u00e9 estrategia persigue Elon Musk con tales declaraciones?<\/p>\n<p>Es probable que la persona presuntamente m\u00e1s rica del mundo se centre ante todo en sus propios intereses econ\u00f3micos. En su art\u00edculo en Welt am Sonntag, elogia a la AfD por sus planes de &#8220;reducir la sobrerregulaci\u00f3n gubernamental, bajar los impuestos y desregular el mercado&#8221;. Uno de los beneficiados ser\u00eda su planta de Tesla en Brandeburgo, la primera f\u00e1brica de coches el\u00e9ctricos del fabricante estadounidense en Europa.<\/p>\n<p>Pero adem\u00e1s, Musk, con sus 200 millones de seguidores en todo el mundo, tambi\u00e9n persigue una agenda pol\u00edtica global con el objetivo de promover a las fuerzas de derecha. En Alemania, el apoyo del asesor de Trump a la AfD podr\u00eda actuar como un abridor de puertas para las fuerzas de extrema derecha al aumentar su visibilidad y legitimar sus narrativas.<\/p>\n<p>\u00bfQu\u00e9 papel desempe\u00f1an Die Welt y la editorial Axel Springer?<\/p>\n<p>El peri\u00f3dico &#8220;Welt&#8221; se fund\u00f3 en la zona de ocupaci\u00f3n brit\u00e1nica y apareci\u00f3 por primera vez el 2 de abril de 1946. Siete a\u00f1os despu\u00e9s, el editor Axel Springer se hizo cargo del peri\u00f3dico. Hoy, el grupo editorial tiene presencia multimedia en m\u00e1s de 40 pa\u00edses. Ejerce una gran influencia en los debates pol\u00edticos en Alemania, sobre todo con el tabloide Bild, el peri\u00f3dico m\u00e1s criticado por el Consejo de Prensa alem\u00e1n.<\/p>\n<p>El art\u00edculo de Musk como invitado provoc\u00f3 acaloradas discusiones en el seno del medio conservador. \u00bfDefiende la publicaci\u00f3n el pluralismo de opini\u00f3n o se deja utilizar indebidamente como portavoz de los aut\u00f3cratas y sus amigos? La jefa de la secci\u00f3n de opini\u00f3n, Eva Marie Kogel, anunci\u00f3 su dimisi\u00f3n tras la publicaci\u00f3n del art\u00edculo.<\/p>\n<p>A\u00fan no est\u00e1 claro c\u00f3mo lleg\u00f3 exactamente el texto al peri\u00f3dico, pero el presidente de la Junta Directiva de Springer, Mathias D\u00f6pfner, es considerado un admirador de Musk con contactos personales con el multimillonario estadounidense.<\/p>\n<p>D\u00f6pfner hab\u00eda criticado a los &#8220;medios elitistas de calidad&#8221; por ser parciales contra la AfD. El art\u00edculo de Elon Musk en Welt am Sonntag podr\u00eda verse como un intento de normalizar el pensamiento populista de derechas en este pa\u00eds.<\/p>\n<p>\u00bfPuede la prensa pronunciarse a favor o en contra de candidatos pol\u00edticos en v\u00edsperas de elecciones?<\/p>\n<p>S\u00ed, en Alemania est\u00e1 permitido, pero es la excepci\u00f3n y no la regla.<\/p>\n<p>(md\/ers)<\/p>\n<div class=\"venep-after-content venep-entity-placement\" id=\"venep-2344834015\"><div id=\"venep-3933183681\"><a href=\"https:\/\/veneportal.com\/clasificados\/listing\/naiguata-restobar\/\" aria-label=\"naiguata retobar\"><img src=\"https:\/\/veneportal.com\/noticias\/wp-content\/uploads\/sites\/2\/2021\/07\/1.png\" alt=\"naiguata retobar\"  width=\"300\" height=\"250\"   \/><\/a><\/div><\/div>","protected":false},"excerpt":{"rendered":"<p>En un comentario en el peri\u00f3dico &#8220;Welt am Sonntag&#8221;, el multimillonario volvi\u00f3 a pedir el voto para la AfD (calificada parcialmente como de extrema derecha). Las cinco preguntas y respuestas&hellip; <\/p>\n","protected":false},"author":505,"featured_media":69846,"comment_status":"open","ping_status":"open","sticky":false,"template":"","format":"standard","meta":{"footnotes":""},"categories":[85],"tags":[],"class_list":["post-69845","post","type-post","status-publish","format-standard","has-post-thumbnail","hentry","category-politica"],"_links":{"self":[{"href":"https:\/\/veneportal.com\/noticias\/wp-json\/wp\/v2\/posts\/69845","targetHints":{"allow":["GET"]}}],"collection":[{"href":"https:\/\/veneportal.com\/noticias\/wp-json\/wp\/v2\/posts"}],"about":[{"href":"https:\/\/veneportal.com\/noticias\/wp-json\/wp\/v2\/types\/post"}],"author":[{"embeddable":true,"href":"https:\/\/veneportal.com\/noticias\/wp-json\/wp\/v2\/users\/505"}],"replies":[{"embeddable":true,"href":"https:\/\/veneportal.com\/noticias\/wp-json\/wp\/v2\/comments?post=69845"}],"version-history":[{"count":0,"href":"https:\/\/veneportal.com\/noticias\/wp-json\/wp\/v2\/posts\/69845\/revisions"}],"wp:featuredmedia":[{"embeddable":true,"href":"https:\/\/veneportal.com\/noticias\/wp-json\/wp\/v2\/media\/69846"}],"wp:attachment":[{"href":"https:\/\/veneportal.com\/noticias\/wp-json\/wp\/v2\/media?parent=69845"}],"wp:term":[{"taxonomy":"category","embeddable":true,"href":"https:\/\/veneportal.com\/noticias\/wp-json\/wp\/v2\/categories?post=69845"},{"taxonomy":"post_tag","embeddable":true,"href":"https:\/\/veneportal.com\/noticias\/wp-json\/wp\/v2\/tags?post=69845"}],"curies":[{"name":"wp","href":"https:\/\/api.w.org\/{rel}","templated":true}]}}