{"id":69403,"date":"2024-12-19T10:02:04","date_gmt":"2024-12-19T15:02:04","guid":{"rendered":"https:\/\/veneportal.com\/noticias\/2024\/12\/19\/migrantes-el-salvavidas-del-sistema-educativo-colombiano\/"},"modified":"2024-12-19T10:02:04","modified_gmt":"2024-12-19T15:02:04","slug":"migrantes-el-salvavidas-del-sistema-educativo-colombiano","status":"publish","type":"post","link":"https:\/\/veneportal.com\/noticias\/2024\/12\/19\/migrantes-el-salvavidas-del-sistema-educativo-colombiano\/","title":{"rendered":"Migrantes: \u00bfel salvavidas del sistema educativo colombiano?"},"content":{"rendered":"<p>[iframe src=&#8221;https:\/\/www.vozdeamerica.com\/embed\/player\/0\/7904475.html?type=video&#8221; width=&#8221;640&#8243; height=&#8221;360&#8243; frameborder=&#8221;0&#8243; scrolling=&#8221;no&#8221; allowfullscreen=&#8221;allowfullscreen&#8221;]<\/p>\n<p>Desde 2019, m\u00e1s de 6.000 colegios p\u00fablicos han cerrado en Colombia, seg\u00fan un estudio de la Universidad Javeriana. La deserci\u00f3n escolar y el envejecimiento poblacional son factores clave. Adem\u00e1s, el impacto de la migraci\u00f3n venezolana plantea nuevos retos para el sistema educativo.<\/p>\n<div class=\"venep-after-content venep-entity-placement\" id=\"venep-4226965328\"><div id=\"venep-2150136723\"><script async src=\"https:\/\/pagead2.googlesyndication.com\/pagead\/js\/adsbygoogle.js?client=ca-pub-5862940809620110\"\r\n     crossorigin=\"anonymous\"><\/script>\r\n<ins class=\"adsbygoogle\"\r\n     style=\"display:block\"\r\n     data-ad-format=\"fluid\"\r\n     data-ad-layout-key=\"-6t+ed+2i-1n-4w\"\r\n     data-ad-client=\"ca-pub-5862940809620110\"\r\n     data-ad-slot=\"7946604715\"><\/ins>\r\n<script>\r\n     (adsbygoogle = window.adsbygoogle || []).push({});\r\n<\/script><\/div><\/div>","protected":false},"excerpt":{"rendered":"<p>Migrantes: \u00bfel salvavidas del sistema educativo colombiano?Desde 2019, m\u00e1s de 6.000 colegios p\u00fablicos han cerrado en Colombia, seg\u00fan un estudio de la Universidad Javeriana. La deserci\u00f3n escolar y el envejecimiento poblacional son factores clave. Adem\u00e1s, el impacto de la migraci\u00f3n venezolana plantea nuevos retos para el sistema educativo.<\/p>\n","protected":false},"author":1287,"featured_media":69404,"comment_status":"open","ping_status":"open","sticky":false,"template":"","format":"video","meta":{"footnotes":""},"categories":[93],"tags":[],"class_list":["post-69403","post","type-post","status-publish","format-video","has-post-thumbnail","hentry","category-multimedia","post_format-post-format-video"],"_links":{"self":[{"href":"https:\/\/veneportal.com\/noticias\/wp-json\/wp\/v2\/posts\/69403","targetHints":{"allow":["GET"]}}],"collection":[{"href":"https:\/\/veneportal.com\/noticias\/wp-json\/wp\/v2\/posts"}],"about":[{"href":"https:\/\/veneportal.com\/noticias\/wp-json\/wp\/v2\/types\/post"}],"author":[{"embeddable":true,"href":"https:\/\/veneportal.com\/noticias\/wp-json\/wp\/v2\/users\/1287"}],"replies":[{"embeddable":true,"href":"https:\/\/veneportal.com\/noticias\/wp-json\/wp\/v2\/comments?post=69403"}],"version-history":[{"count":0,"href":"https:\/\/veneportal.com\/noticias\/wp-json\/wp\/v2\/posts\/69403\/revisions"}],"wp:featuredmedia":[{"embeddable":true,"href":"https:\/\/veneportal.com\/noticias\/wp-json\/wp\/v2\/media\/69404"}],"wp:attachment":[{"href":"https:\/\/veneportal.com\/noticias\/wp-json\/wp\/v2\/media?parent=69403"}],"wp:term":[{"taxonomy":"category","embeddable":true,"href":"https:\/\/veneportal.com\/noticias\/wp-json\/wp\/v2\/categories?post=69403"},{"taxonomy":"post_tag","embeddable":true,"href":"https:\/\/veneportal.com\/noticias\/wp-json\/wp\/v2\/tags?post=69403"}],"curies":[{"name":"wp","href":"https:\/\/api.w.org\/{rel}","templated":true}]}}